{"id":3870,"date":"2017-09-12T08:53:22","date_gmt":"2017-09-12T13:23:22","guid":{"rendered":"http:\/\/www.pedroapalma.com\/?p=3870"},"modified":"2017-09-16T09:45:03","modified_gmt":"2017-09-16T14:15:03","slug":"3870-2","status":"publish","type":"post","link":"https:\/\/pedroapalma.com\/site\/3870-2\/","title":{"rendered":"Pronunciamiento de la Academia Nacional de Ciencias Econ\u00f3micas (ANCE) ante las medidas econ\u00f3micas anunciadas el 7 de septiembre de 2017"},"content":{"rendered":"<p style=\"text-align: left;\">La Academia Nacional de Ciencias Econ\u00f3micas se pronuncia ante las medidas<br \/>\necon\u00f3micas anunciadas el 7 de septiembre<\/p>\n<p style=\"text-align: left;\">El se\u00f1alamiento de la Comisi\u00f3n de Econom\u00eda de la Asamblea Nacional sobre la aceleraci\u00f3n de la<br \/>\ninflaci\u00f3n, que lleg\u00f3 a un 33,8% el pasado mes de agosto -la cifra mensual m\u00e1s alta desde que se registra<br \/>\neste fen\u00f3meno en Venezuela- hace perentorio revertir cuanto antes esta situaci\u00f3n y establecer<br \/>\ncondiciones para reactivar la econom\u00eda productiva. Los venezolanos claman con urgencia pol\u00edticas<br \/>\necon\u00f3micas acertadas ante tal agudizaci\u00f3n de sus padecimientos. El anuncio de un \u201cPlan para la Paz y<br \/>\nla Prosperidad Econ\u00f3mica\u201d por parte del presidente Maduro el pasado 7 de septiembre, obliga a la<br \/>\nAcademia Nacional de Ciencias Econ\u00f3micas (ANCE) a examinar si se orienta a estos fines.<br \/>\nConsideramos lamentable, en primer lugar, que en vez de atacar de ra\u00edz el proceso inflacionario solo se<br \/>\npropongan medidas de compensaci\u00f3n, como el incremento del salario m\u00ednimo integral y transferencias<br \/>\na trav\u00e9s de bonos y de la tarjeta \u201chogares de la patria\u201d, y sin mencionar c\u00f3mo se van a financiar. En<br \/>\nausencia de medidas que liberen las capacidades productivas de la econom\u00eda y subsanen la asfixia del<br \/>\nsector externo, terminar\u00e1n realimentando la inflaci\u00f3n, a\u00f1adiendo \u2018m\u00e1s le\u00f1a al fuego\u2019. Adem\u00e1s, ante la<br \/>\nsextuplicaci\u00f3n este a\u00f1o del financiamiento monetario realizado por el BCV al sector p\u00fablico, tal<br \/>\ncompensaci\u00f3n se va a quedar muy corta. De hecho, el salario m\u00ednimo integral resultante del incremento<br \/>\ndel 7 de septiembre es un 42,5% menor, en t\u00e9rminos reales, al prevaleciente a finales del a\u00f1o pasado.<br \/>\nEl control de precios, anunciado con nuevo nombre, as\u00ed como el empoderamiento de los CLAP y de los<br \/>\nconsejos comunales para fiscalizar su cumplimiento, solo contribuir\u00e1 a un mayor acoso de los sectores<br \/>\nproductivos y comerciales, y a agudizar la escasez de bienes y servicios. En este orden, el Presidente<br \/>\nse arroga la creaci\u00f3n de una \u201cunidad tributaria punitiva\u201d para perseguir \u201clos delitos que se cometan en el<br \/>\ncampo de la econom\u00eda contra el pueblo\u201d y solicita investigar el origen de fortunas generadas durante la<br \/>\n\u201cguerra econ\u00f3mica\u201d para poder pecharlas, haciendo referencia a una supuesta ley de r\u00e9gimen especial<br \/>\ntributario. Al respecto, la ANCE se ve obligada a aclarar que s\u00f3lo la Asamblea Nacional electa el 6 de<br \/>\ndiciembre de 2015 puede fijar nuevos tributos y aprobar leyes.<br \/>\nPoner el acento en lo punitivo, como lo hace el plan, ha mostrado ser totalmente contraproducente ante<br \/>\nla necesidad de reactivaci\u00f3n y acentuar\u00e1 la grave situaci\u00f3n que hoy enfrentamos. Preocupa que,<br \/>\ndespu\u00e9s de cuatro a\u00f1os de progresivo deterioro en la calidad de vida de los venezolanos, el Presidente<br \/>\ninsiste en inventar una \u201cguerra econ\u00f3mica\u201d para echarle la culpa, en vez de rectificar sus pol\u00edticas, como<br \/>\nse le ha recomendado repetidamente.<br \/>\nPor su parte, la decisi\u00f3n de remplazar al d\u00f3lar con una canasta de monedas no es acertada, ya que<br \/>\nhabr\u00e1 de encarecer y complicar las transacciones internacionales del pa\u00eds que se hacen<br \/>\nmayoritariamente en moneda estadounidense.<br \/>\nEl referido plan anuncia, adem\u00e1s, medidas para proteger la inversi\u00f3n extranjera e incentivar la<br \/>\nexplotaci\u00f3n del llamado Arco Minero, y la creaci\u00f3n del consorcio agroalimentario de Venezuela (Agrosur)<br \/>\npara apoyar la producci\u00f3n de 20 rubros agr\u00edcolas. Cabe recordar la muy lamentable destrucci\u00f3n de los<br \/>\nservicios que ofrec\u00eda la empresa Agroisle\u00f1a, con relaci\u00f3n a esto \u00faltimo. Deber\u00eda ser innecesario repetir,<br \/>\ncomo en anteriores oportunidades hemos hecho, que tales medidas en absoluto habr\u00e1n de surtir efecto<br \/>\nsi se mantiene un ambiente de intervenci\u00f3n discrecional del Ejecutivo en la econom\u00eda, signado por el<br \/>\nacoso de la empresa privada, la ausencia de garant\u00edas a la propiedad y de orden procesal para resolver<br \/>\ncontroversias, y la consecuente inseguridad e incertidumbre de inversionistas y productores.<br \/>\nLa Academia Nacional de Ciencias Econ\u00f3micas reitera que s\u00f3lo medidas que ataquen de ra\u00edz al<br \/>\nfen\u00f3meno inflacionario, restituyan las garant\u00edas, liberen los controles que hoy asfixian a la actividad<br \/>\necon\u00f3mica y logren concertar un importante financiamiento externo, podr\u00e1n revertir el tr\u00e1gico proceso<br \/>\nde empobrecimiento que vienen sufriendo los venezolanos en los \u00faltimos cuatro a\u00f1os. Es menester<br \/>\nsanear las cuentas fiscales, eliminar el financiamiento monetario del BCV, unificar el tipo de cambio bajo<br \/>\nun r\u00e9gimen de libre concurrencia y levantar los controles punitivos sobre la empresa privada. No existen<br \/>\nindicios para prever que en los pr\u00f3ximos a\u00f1os ocurrir\u00e1n incrementos en los precios de venta internacional<br \/>\ndel crudo que nos eximan de cumplir perentoriamente con las profundas reformas que el pa\u00eds reclama.<br \/>\nDe implementarse estas reformas, auguramos una respuesta muy positiva del aparato productivo en un<br \/>\ncorto plazo, dadas su enorme capacidad ociosa actual y las potencialidades de nuestra econom\u00eda. Ello<br \/>\nredundar\u00e1 en un empleo creciente cada vez mejor remunerado que habr\u00e1 de recuperar la capacidad<br \/>\nadquisitiva de la poblaci\u00f3n. Asimismo, la estabilizaci\u00f3n del tipo de cambio a niveles bastante inferiores<br \/>\nal llamado \u201cd\u00f3lar paralelo\u201d abaratar\u00e1 significativamente muchos bienes e insumos de origen importado.<br \/>\nSi se implantan medidas de compensaci\u00f3n para aquellos afectados negativamente por la sinceraci\u00f3n<br \/>\ndel precio de la gasolina y de los servicios que presta el sector p\u00fablico, no existen argumentos para no<br \/>\ninstrumentar tales reformas. \u00c9stas reemplazar\u00edan el ajuste contractivo sobre el nivel de consumo de la<br \/>\npoblaci\u00f3n que aplica hoy el gobierno para acumular los excedentes con los cuales pagar la deuda p\u00fablica<br \/>\nexterna. Con amplio apoyo financiero internacional y la reestructuraci\u00f3n de esa onerosa deuda, ser\u00e1<br \/>\nposible devolverles a los venezolanos posibilidades de creciente bienestar.<br \/>\nPor \u00faltimo, preocupa que los anuncios realizados pretenden enmarcarse en unas supuestas \u201cleyes\u201d que<br \/>\naprobar\u00eda una Asamblea Constituyente que, como fue se\u00f1alado en comunicado conjunto con las dem\u00e1s<br \/>\nAcademias Nacionales el 15 de agosto, es inconstitucional. Tal apreciaci\u00f3n es compartida por diferentes<br \/>\nsectores de la comunidad nacional, incluyendo las universidades aut\u00f3nomas, la Conferencia Episcopal<br \/>\ny la Asamblea Nacional. Asimismo, gobiernos de pa\u00edses que agrupan m\u00e1s del 90% de la poblaci\u00f3n<br \/>\nhemisf\u00e9rica, han decidido desconocer toda iniciativa emanada de dicho cuerpo. Igual posici\u00f3n han<br \/>\nasumido nuestros socios fundamentales en la Uni\u00f3n Europea. De acuerdo con el ordenamiento<br \/>\nconstitucional de la Rep\u00fablica Bolivariana de Venezuela, vigente, corresponde exclusivamente a la<br \/>\nAsamblea Nacional electa por el pueblo soberano la aprobaci\u00f3n de leyes nacionales. Ser\u00eda sumamente<br \/>\nlamentable para la institucionalidad del pa\u00eds y para la anhelada paz entre los venezolanos, como para el<br \/>\nrestablecimiento de relaciones mutuamente provechosas con pa\u00edses amigos, intentar imponer medidas<br \/>\npor medio de un mecanismo fraudulento, rechazado por la inmensa mayor\u00eda.<br \/>\nEsta Academia hace un llamado al Ejecutivo para reconsiderar las medidas anunciadas, a fin de poder<br \/>\nrecuperar niveles de mayor bienestar para el pueblo.<br \/>\nComo siempre, esta Academia se pone a la orden para coadyuvar, en la medida en que lo permitan sus<br \/>\nmodestas posibilidades, con el cumplimiento de tales prop\u00f3sitos.<\/p>\n<p>En Caracas, el doce de septiembre, por la Academia Nacional de Ciencias Econ\u00f3micas<\/p>\n<p>Humberto Garc\u00eda Larralde\u00a0\u00a0\u00a0\u00a0\u00a0\u00a0\u00a0\u00a0\u00a0\u00a0\u00a0\u00a0\u00a0\u00a0\u00a0\u00a0\u00a0\u00a0\u00a0\u00a0\u00a0\u00a0\u00a0\u00a0\u00a0\u00a0\u00a0\u00a0\u00a0\u00a0\u00a0\u00a0\u00a0\u00a0\u00a0\u00a0Sary Levy Carciente<br \/>\nPresidente\u00a0\u00a0\u00a0\u00a0\u00a0\u00a0\u00a0\u00a0\u00a0\u00a0\u00a0\u00a0\u00a0\u00a0\u00a0\u00a0\u00a0\u00a0\u00a0\u00a0\u00a0\u00a0\u00a0\u00a0\u00a0\u00a0\u00a0\u00a0\u00a0\u00a0\u00a0\u00a0\u00a0\u00a0\u00a0\u00a0\u00a0\u00a0\u00a0\u00a0\u00a0\u00a0\u00a0\u00a0\u00a0\u00a0\u00a0\u00a0\u00a0\u00a0\u00a0\u00a0\u00a0\u00a0\u00a0\u00a0\u00a0\u00a0\u00a0\u00a0\u00a0Secretaria<\/p>\n","protected":false},"excerpt":{"rendered":"<p>El 7 de septiembre de 2017 el gobierno nacional anunci\u00f3 una serie de medidas econ\u00f3micas cuya implementaci\u00f3n podr\u00eda tener hondas repercusiones en la econom\u00eda y en la calidad de vida de la poblaci\u00f3n. En este documento la ANCE se pronuncia sobre los efectos que \u00e9stas pueden generar, y presenta una serie de sugerencias para evitar los males que pudieran acarrear su implementaci\u00f3n.<\/p>\n","protected":false},"author":2,"featured_media":3874,"comment_status":"open","ping_status":"open","sticky":false,"template":"","format":"standard","meta":{"footnotes":""},"categories":[16],"tags":[1282,1285,1284,73,1283,1281],"class_list":["post-3870","post","type-post","status-publish","format-standard","has-post-thumbnail","hentry","category-otros","tag-abandono-del-dolar-como-moneda-transaccional-del-petroleo","tag-alta-inflacion","tag-aumento-del-salario-minimo-como-medida-compensatoria-a-la-inflacion","tag-controles-de-precios","tag-fiscalizaciones-de-precios-mas-estrictas","tag-medidas-economicas-del-7-de-septiembre-de-2017"],"yoast_head":"<!-- This site is optimized with the Yoast SEO plugin v27.4 - https:\/\/yoast.com\/product\/yoast-seo-wordpress\/ -->\n<title>Pronunciamiento de la Academia Nacional de Ciencias Econ\u00f3micas (ANCE) ante las medidas econ\u00f3micas anunciadas el 7 de septiembre de 2017 - Pedro A. Palma<\/title>\n<meta name=\"robots\" content=\"index, follow, max-snippet:-1, max-image-preview:large, max-video-preview:-1\" \/>\n<link rel=\"canonical\" href=\"https:\/\/pedroapalma.com\/site\/3870-2\/\" \/>\n<meta property=\"og:locale\" content=\"es_ES\" \/>\n<meta property=\"og:type\" content=\"article\" \/>\n<meta property=\"og:title\" content=\"Pronunciamiento de la Academia Nacional de Ciencias Econ\u00f3micas (ANCE) ante las medidas econ\u00f3micas anunciadas el 7 de septiembre de 2017 - Pedro A. Palma\" \/>\n<meta property=\"og:description\" content=\"El 7 de septiembre de 2017 el gobierno nacional anunci\u00f3 una serie de medidas econ\u00f3micas cuya implementaci\u00f3n podr\u00eda tener hondas repercusiones en la econom\u00eda y en la calidad de vida de la poblaci\u00f3n. En este documento la ANCE se pronuncia sobre los efectos que \u00e9stas pueden generar, y presenta una serie de sugerencias para evitar los males que pudieran acarrear su implementaci\u00f3n.\" \/>\n<meta property=\"og:url\" content=\"https:\/\/pedroapalma.com\/site\/3870-2\/\" \/>\n<meta property=\"og:site_name\" content=\"Pedro A. Palma\" \/>\n<meta property=\"article:published_time\" content=\"2017-09-12T13:23:22+00:00\" \/>\n<meta property=\"article:modified_time\" content=\"2017-09-16T14:15:03+00:00\" \/>\n<meta property=\"og:image\" content=\"https:\/\/pedroapalma.com\/site\/wp-content\/uploads\/2017\/09\/Palacio-de-las-Academias-en-Caracas.jpg\" \/>\n\t<meta property=\"og:image:width\" content=\"760\" \/>\n\t<meta property=\"og:image:height\" content=\"460\" \/>\n\t<meta property=\"og:image:type\" content=\"image\/jpeg\" \/>\n<meta name=\"author\" content=\"Pedro Palma\" \/>\n<meta name=\"twitter:card\" content=\"summary_large_image\" \/>\n<meta name=\"twitter:label1\" content=\"Escrito por\" \/>\n\t<meta name=\"twitter:data1\" content=\"Pedro Palma\" \/>\n\t<meta name=\"twitter:label2\" content=\"Tiempo de lectura\" \/>\n\t<meta name=\"twitter:data2\" content=\"6 minutos\" \/>\n<script type=\"application\/ld+json\" class=\"yoast-schema-graph\">{\"@context\":\"https:\\\/\\\/schema.org\",\"@graph\":[{\"@type\":\"Article\",\"@id\":\"https:\\\/\\\/pedroapalma.com\\\/site\\\/3870-2\\\/#article\",\"isPartOf\":{\"@id\":\"https:\\\/\\\/pedroapalma.com\\\/site\\\/3870-2\\\/\"},\"author\":{\"name\":\"Pedro Palma\",\"@id\":\"https:\\\/\\\/pedroapalma.com\\\/site\\\/#\\\/schema\\\/person\\\/427852d245d06b78d8491abf8b114228\"},\"headline\":\"Pronunciamiento de la Academia Nacional de Ciencias Econ\u00f3micas (ANCE) ante las medidas econ\u00f3micas anunciadas el 7 de septiembre de 2017\",\"datePublished\":\"2017-09-12T13:23:22+00:00\",\"dateModified\":\"2017-09-16T14:15:03+00:00\",\"mainEntityOfPage\":{\"@id\":\"https:\\\/\\\/pedroapalma.com\\\/site\\\/3870-2\\\/\"},\"wordCount\":1238,\"commentCount\":0,\"image\":{\"@id\":\"https:\\\/\\\/pedroapalma.com\\\/site\\\/3870-2\\\/#primaryimage\"},\"thumbnailUrl\":\"https:\\\/\\\/pedroapalma.com\\\/site\\\/wp-content\\\/uploads\\\/2017\\\/09\\\/Palacio-de-las-Academias-en-Caracas.jpg\",\"keywords\":[\"Abandono del d\u00f3lar como moneda transaccional del petr\u00f3leo\",\"alta inflaci\u00f3n\",\"Aumento del salario m\u00ednimo como medida compensatoria a la inflaci\u00f3n\",\"Controles de precios\",\"Fiscalizaciones de precios m\u00e1s estrictas\",\"Medidas econ\u00f3micas del 7 de septiembre de 2017\"],\"articleSection\":[\"Otros\"],\"inLanguage\":\"es\",\"potentialAction\":[{\"@type\":\"CommentAction\",\"name\":\"Comment\",\"target\":[\"https:\\\/\\\/pedroapalma.com\\\/site\\\/3870-2\\\/#respond\"]}]},{\"@type\":\"WebPage\",\"@id\":\"https:\\\/\\\/pedroapalma.com\\\/site\\\/3870-2\\\/\",\"url\":\"https:\\\/\\\/pedroapalma.com\\\/site\\\/3870-2\\\/\",\"name\":\"Pronunciamiento de la Academia Nacional de Ciencias Econ\u00f3micas (ANCE) ante las medidas econ\u00f3micas anunciadas el 7 de septiembre de 2017 - Pedro A. Palma\",\"isPartOf\":{\"@id\":\"https:\\\/\\\/pedroapalma.com\\\/site\\\/#website\"},\"primaryImageOfPage\":{\"@id\":\"https:\\\/\\\/pedroapalma.com\\\/site\\\/3870-2\\\/#primaryimage\"},\"image\":{\"@id\":\"https:\\\/\\\/pedroapalma.com\\\/site\\\/3870-2\\\/#primaryimage\"},\"thumbnailUrl\":\"https:\\\/\\\/pedroapalma.com\\\/site\\\/wp-content\\\/uploads\\\/2017\\\/09\\\/Palacio-de-las-Academias-en-Caracas.jpg\",\"datePublished\":\"2017-09-12T13:23:22+00:00\",\"dateModified\":\"2017-09-16T14:15:03+00:00\",\"author\":{\"@id\":\"https:\\\/\\\/pedroapalma.com\\\/site\\\/#\\\/schema\\\/person\\\/427852d245d06b78d8491abf8b114228\"},\"breadcrumb\":{\"@id\":\"https:\\\/\\\/pedroapalma.com\\\/site\\\/3870-2\\\/#breadcrumb\"},\"inLanguage\":\"es\",\"potentialAction\":[{\"@type\":\"ReadAction\",\"target\":[\"https:\\\/\\\/pedroapalma.com\\\/site\\\/3870-2\\\/\"]}]},{\"@type\":\"ImageObject\",\"inLanguage\":\"es\",\"@id\":\"https:\\\/\\\/pedroapalma.com\\\/site\\\/3870-2\\\/#primaryimage\",\"url\":\"https:\\\/\\\/pedroapalma.com\\\/site\\\/wp-content\\\/uploads\\\/2017\\\/09\\\/Palacio-de-las-Academias-en-Caracas.jpg\",\"contentUrl\":\"https:\\\/\\\/pedroapalma.com\\\/site\\\/wp-content\\\/uploads\\\/2017\\\/09\\\/Palacio-de-las-Academias-en-Caracas.jpg\",\"width\":760,\"height\":460},{\"@type\":\"BreadcrumbList\",\"@id\":\"https:\\\/\\\/pedroapalma.com\\\/site\\\/3870-2\\\/#breadcrumb\",\"itemListElement\":[{\"@type\":\"ListItem\",\"position\":1,\"name\":\"Portada\",\"item\":\"https:\\\/\\\/pedroapalma.com\\\/site\\\/\"},{\"@type\":\"ListItem\",\"position\":2,\"name\":\"Pronunciamiento de la Academia Nacional de Ciencias Econ\u00f3micas (ANCE) ante las medidas econ\u00f3micas anunciadas el 7 de septiembre de 2017\"}]},{\"@type\":\"WebSite\",\"@id\":\"https:\\\/\\\/pedroapalma.com\\\/site\\\/#website\",\"url\":\"https:\\\/\\\/pedroapalma.com\\\/site\\\/\",\"name\":\"Pedro A. Palma\",\"description\":\"Economista\",\"potentialAction\":[{\"@type\":\"SearchAction\",\"target\":{\"@type\":\"EntryPoint\",\"urlTemplate\":\"https:\\\/\\\/pedroapalma.com\\\/site\\\/?s={search_term_string}\"},\"query-input\":{\"@type\":\"PropertyValueSpecification\",\"valueRequired\":true,\"valueName\":\"search_term_string\"}}],\"inLanguage\":\"es\"},{\"@type\":\"Person\",\"@id\":\"https:\\\/\\\/pedroapalma.com\\\/site\\\/#\\\/schema\\\/person\\\/427852d245d06b78d8491abf8b114228\",\"name\":\"Pedro Palma\",\"image\":{\"@type\":\"ImageObject\",\"inLanguage\":\"es\",\"@id\":\"https:\\\/\\\/secure.gravatar.com\\\/avatar\\\/e3e6fe7f370f6e5b5d306bf869e784b2a608a86ea1106a224f9e2d9db2e43968?s=96&d=mm&r=g\",\"url\":\"https:\\\/\\\/secure.gravatar.com\\\/avatar\\\/e3e6fe7f370f6e5b5d306bf869e784b2a608a86ea1106a224f9e2d9db2e43968?s=96&d=mm&r=g\",\"contentUrl\":\"https:\\\/\\\/secure.gravatar.com\\\/avatar\\\/e3e6fe7f370f6e5b5d306bf869e784b2a608a86ea1106a224f9e2d9db2e43968?s=96&d=mm&r=g\",\"caption\":\"Pedro Palma\"}}]}<\/script>\n<!-- \/ Yoast SEO plugin. -->","yoast_head_json":{"title":"Pronunciamiento de la Academia Nacional de Ciencias Econ\u00f3micas (ANCE) ante las medidas econ\u00f3micas anunciadas el 7 de septiembre de 2017 - Pedro A. Palma","robots":{"index":"index","follow":"follow","max-snippet":"max-snippet:-1","max-image-preview":"max-image-preview:large","max-video-preview":"max-video-preview:-1"},"canonical":"https:\/\/pedroapalma.com\/site\/3870-2\/","og_locale":"es_ES","og_type":"article","og_title":"Pronunciamiento de la Academia Nacional de Ciencias Econ\u00f3micas (ANCE) ante las medidas econ\u00f3micas anunciadas el 7 de septiembre de 2017 - Pedro A. Palma","og_description":"El 7 de septiembre de 2017 el gobierno nacional anunci\u00f3 una serie de medidas econ\u00f3micas cuya implementaci\u00f3n podr\u00eda tener hondas repercusiones en la econom\u00eda y en la calidad de vida de la poblaci\u00f3n. En este documento la ANCE se pronuncia sobre los efectos que \u00e9stas pueden generar, y presenta una serie de sugerencias para evitar los males que pudieran acarrear su implementaci\u00f3n.","og_url":"https:\/\/pedroapalma.com\/site\/3870-2\/","og_site_name":"Pedro A. Palma","article_published_time":"2017-09-12T13:23:22+00:00","article_modified_time":"2017-09-16T14:15:03+00:00","og_image":[{"width":760,"height":460,"url":"https:\/\/pedroapalma.com\/site\/wp-content\/uploads\/2017\/09\/Palacio-de-las-Academias-en-Caracas.jpg","type":"image\/jpeg"}],"author":"Pedro Palma","twitter_card":"summary_large_image","twitter_misc":{"Escrito por":"Pedro Palma","Tiempo de lectura":"6 minutos"},"schema":{"@context":"https:\/\/schema.org","@graph":[{"@type":"Article","@id":"https:\/\/pedroapalma.com\/site\/3870-2\/#article","isPartOf":{"@id":"https:\/\/pedroapalma.com\/site\/3870-2\/"},"author":{"name":"Pedro Palma","@id":"https:\/\/pedroapalma.com\/site\/#\/schema\/person\/427852d245d06b78d8491abf8b114228"},"headline":"Pronunciamiento de la Academia Nacional de Ciencias Econ\u00f3micas (ANCE) ante las medidas econ\u00f3micas anunciadas el 7 de septiembre de 2017","datePublished":"2017-09-12T13:23:22+00:00","dateModified":"2017-09-16T14:15:03+00:00","mainEntityOfPage":{"@id":"https:\/\/pedroapalma.com\/site\/3870-2\/"},"wordCount":1238,"commentCount":0,"image":{"@id":"https:\/\/pedroapalma.com\/site\/3870-2\/#primaryimage"},"thumbnailUrl":"https:\/\/pedroapalma.com\/site\/wp-content\/uploads\/2017\/09\/Palacio-de-las-Academias-en-Caracas.jpg","keywords":["Abandono del d\u00f3lar como moneda transaccional del petr\u00f3leo","alta inflaci\u00f3n","Aumento del salario m\u00ednimo como medida compensatoria a la inflaci\u00f3n","Controles de precios","Fiscalizaciones de precios m\u00e1s estrictas","Medidas econ\u00f3micas del 7 de septiembre de 2017"],"articleSection":["Otros"],"inLanguage":"es","potentialAction":[{"@type":"CommentAction","name":"Comment","target":["https:\/\/pedroapalma.com\/site\/3870-2\/#respond"]}]},{"@type":"WebPage","@id":"https:\/\/pedroapalma.com\/site\/3870-2\/","url":"https:\/\/pedroapalma.com\/site\/3870-2\/","name":"Pronunciamiento de la Academia Nacional de Ciencias Econ\u00f3micas (ANCE) ante las medidas econ\u00f3micas anunciadas el 7 de septiembre de 2017 - Pedro A. Palma","isPartOf":{"@id":"https:\/\/pedroapalma.com\/site\/#website"},"primaryImageOfPage":{"@id":"https:\/\/pedroapalma.com\/site\/3870-2\/#primaryimage"},"image":{"@id":"https:\/\/pedroapalma.com\/site\/3870-2\/#primaryimage"},"thumbnailUrl":"https:\/\/pedroapalma.com\/site\/wp-content\/uploads\/2017\/09\/Palacio-de-las-Academias-en-Caracas.jpg","datePublished":"2017-09-12T13:23:22+00:00","dateModified":"2017-09-16T14:15:03+00:00","author":{"@id":"https:\/\/pedroapalma.com\/site\/#\/schema\/person\/427852d245d06b78d8491abf8b114228"},"breadcrumb":{"@id":"https:\/\/pedroapalma.com\/site\/3870-2\/#breadcrumb"},"inLanguage":"es","potentialAction":[{"@type":"ReadAction","target":["https:\/\/pedroapalma.com\/site\/3870-2\/"]}]},{"@type":"ImageObject","inLanguage":"es","@id":"https:\/\/pedroapalma.com\/site\/3870-2\/#primaryimage","url":"https:\/\/pedroapalma.com\/site\/wp-content\/uploads\/2017\/09\/Palacio-de-las-Academias-en-Caracas.jpg","contentUrl":"https:\/\/pedroapalma.com\/site\/wp-content\/uploads\/2017\/09\/Palacio-de-las-Academias-en-Caracas.jpg","width":760,"height":460},{"@type":"BreadcrumbList","@id":"https:\/\/pedroapalma.com\/site\/3870-2\/#breadcrumb","itemListElement":[{"@type":"ListItem","position":1,"name":"Portada","item":"https:\/\/pedroapalma.com\/site\/"},{"@type":"ListItem","position":2,"name":"Pronunciamiento de la Academia Nacional de Ciencias Econ\u00f3micas (ANCE) ante las medidas econ\u00f3micas anunciadas el 7 de septiembre de 2017"}]},{"@type":"WebSite","@id":"https:\/\/pedroapalma.com\/site\/#website","url":"https:\/\/pedroapalma.com\/site\/","name":"Pedro A. Palma","description":"Economista","potentialAction":[{"@type":"SearchAction","target":{"@type":"EntryPoint","urlTemplate":"https:\/\/pedroapalma.com\/site\/?s={search_term_string}"},"query-input":{"@type":"PropertyValueSpecification","valueRequired":true,"valueName":"search_term_string"}}],"inLanguage":"es"},{"@type":"Person","@id":"https:\/\/pedroapalma.com\/site\/#\/schema\/person\/427852d245d06b78d8491abf8b114228","name":"Pedro Palma","image":{"@type":"ImageObject","inLanguage":"es","@id":"https:\/\/secure.gravatar.com\/avatar\/e3e6fe7f370f6e5b5d306bf869e784b2a608a86ea1106a224f9e2d9db2e43968?s=96&d=mm&r=g","url":"https:\/\/secure.gravatar.com\/avatar\/e3e6fe7f370f6e5b5d306bf869e784b2a608a86ea1106a224f9e2d9db2e43968?s=96&d=mm&r=g","contentUrl":"https:\/\/secure.gravatar.com\/avatar\/e3e6fe7f370f6e5b5d306bf869e784b2a608a86ea1106a224f9e2d9db2e43968?s=96&d=mm&r=g","caption":"Pedro Palma"}}]}},"_links":{"self":[{"href":"https:\/\/pedroapalma.com\/site\/wp-json\/wp\/v2\/posts\/3870","targetHints":{"allow":["GET"]}}],"collection":[{"href":"https:\/\/pedroapalma.com\/site\/wp-json\/wp\/v2\/posts"}],"about":[{"href":"https:\/\/pedroapalma.com\/site\/wp-json\/wp\/v2\/types\/post"}],"author":[{"embeddable":true,"href":"https:\/\/pedroapalma.com\/site\/wp-json\/wp\/v2\/users\/2"}],"replies":[{"embeddable":true,"href":"https:\/\/pedroapalma.com\/site\/wp-json\/wp\/v2\/comments?post=3870"}],"version-history":[{"count":3,"href":"https:\/\/pedroapalma.com\/site\/wp-json\/wp\/v2\/posts\/3870\/revisions"}],"predecessor-version":[{"id":3881,"href":"https:\/\/pedroapalma.com\/site\/wp-json\/wp\/v2\/posts\/3870\/revisions\/3881"}],"wp:featuredmedia":[{"embeddable":true,"href":"https:\/\/pedroapalma.com\/site\/wp-json\/wp\/v2\/media\/3874"}],"wp:attachment":[{"href":"https:\/\/pedroapalma.com\/site\/wp-json\/wp\/v2\/media?parent=3870"}],"wp:term":[{"taxonomy":"category","embeddable":true,"href":"https:\/\/pedroapalma.com\/site\/wp-json\/wp\/v2\/categories?post=3870"},{"taxonomy":"post_tag","embeddable":true,"href":"https:\/\/pedroapalma.com\/site\/wp-json\/wp\/v2\/tags?post=3870"}],"curies":[{"name":"wp","href":"https:\/\/api.w.org\/{rel}","templated":true}]}}