{"id":3363,"date":"2015-11-25T10:00:26","date_gmt":"2015-11-25T14:30:26","guid":{"rendered":"http:\/\/www.pedroapalma.com\/?p=3363"},"modified":"2017-03-31T12:14:47","modified_gmt":"2017-03-31T16:44:47","slug":"conclusiones-rumbo-al-6d-cnn-espanol","status":"publish","type":"post","link":"https:\/\/pedroapalma.com\/site\/conclusiones-rumbo-al-6d-cnn-espanol\/","title":{"rendered":"Conclusiones: Rumbo al 6D, CNN En Espa\u00f1ol"},"content":{"rendered":"<p><iframe loading=\"lazy\" width=\"560\" height=\"315\" src=\"https:\/\/www.youtube.com\/embed\/etXVLKSKAok\" frameborder=\"0\" allowfullscreen><\/iframe><\/p>\n<h3><strong>Programa:<\/strong>\u00a0Conclusiones<\/h3>\n<p><strong>Tema:\u00a0Elecciones 6D<\/strong><\/p>\n<p><strong>Medio: CNN En Espa\u00f1ol<\/strong><\/p>\n<p><strong>Informaci\u00f3n<\/strong><\/p>\n<p>Entrevista hecha por Fernando del Rinc\u00f3n a 3 opinadores sobre la elecci\u00f3n parlamentaria del 6 de Diciembre de 2015 en Venezuela.<\/p>\n","protected":false},"excerpt":{"rendered":"<p>Entrevista hecha por Fernando del Rinc\u00f3n a 3 opinadores sobre la elecci\u00f3n parlamentaria del 6 de Diciembre de 2015 en Venezuela.<\/p>\n","protected":false},"author":2,"featured_media":3364,"comment_status":"open","ping_status":"open","sticky":false,"template":"","format":"standard","meta":{"footnotes":""},"categories":[11],"tags":[],"class_list":["post-3363","post","type-post","status-publish","format-standard","has-post-thumbnail","hentry","category-opinion"],"yoast_head":"<!-- This site is optimized with the Yoast SEO plugin v27.4 - https:\/\/yoast.com\/product\/yoast-seo-wordpress\/ -->\n<title>Conclusiones: Rumbo al 6D, CNN En Espa\u00f1ol - Pedro A. Palma<\/title>\n<meta name=\"robots\" content=\"index, follow, max-snippet:-1, max-image-preview:large, max-video-preview:-1\" \/>\n<link rel=\"canonical\" href=\"https:\/\/pedroapalma.com\/site\/conclusiones-rumbo-al-6d-cnn-espanol\/\" \/>\n<meta property=\"og:locale\" content=\"es_ES\" \/>\n<meta property=\"og:type\" content=\"article\" \/>\n<meta property=\"og:title\" content=\"Conclusiones: Rumbo al 6D, CNN En Espa\u00f1ol - Pedro A. Palma\" \/>\n<meta property=\"og:description\" content=\"Entrevista hecha por Fernando del Rinc\u00f3n a 3 opinadores sobre la elecci\u00f3n parlamentaria del 6 de Diciembre de 2015 en Venezuela.\" \/>\n<meta property=\"og:url\" content=\"https:\/\/pedroapalma.com\/site\/conclusiones-rumbo-al-6d-cnn-espanol\/\" \/>\n<meta property=\"og:site_name\" content=\"Pedro A. Palma\" \/>\n<meta property=\"article:published_time\" content=\"2015-11-25T14:30:26+00:00\" \/>\n<meta property=\"article:modified_time\" content=\"2017-03-31T16:44:47+00:00\" \/>\n<meta property=\"og:image\" content=\"https:\/\/pedroapalma.com\/site\/wp-content\/uploads\/2017\/03\/foto-pp.png\" \/>\n\t<meta property=\"og:image:width\" content=\"1278\" \/>\n\t<meta property=\"og:image:height\" content=\"797\" \/>\n\t<meta property=\"og:image:type\" content=\"image\/png\" \/>\n<meta name=\"author\" content=\"Pedro Palma\" \/>\n<meta name=\"twitter:card\" content=\"summary_large_image\" \/>\n<meta name=\"twitter:label1\" content=\"Escrito por\" \/>\n\t<meta name=\"twitter:data1\" content=\"Pedro Palma\" \/>\n<script type=\"application\/ld+json\" class=\"yoast-schema-graph\">{\"@context\":\"https:\\\/\\\/schema.org\",\"@graph\":[{\"@type\":\"Article\",\"@id\":\"https:\\\/\\\/pedroapalma.com\\\/site\\\/conclusiones-rumbo-al-6d-cnn-espanol\\\/#article\",\"isPartOf\":{\"@id\":\"https:\\\/\\\/pedroapalma.com\\\/site\\\/conclusiones-rumbo-al-6d-cnn-espanol\\\/\"},\"author\":{\"name\":\"Pedro Palma\",\"@id\":\"https:\\\/\\\/pedroapalma.com\\\/site\\\/#\\\/schema\\\/person\\\/427852d245d06b78d8491abf8b114228\"},\"headline\":\"Conclusiones: Rumbo al 6D, CNN En Espa\u00f1ol\",\"datePublished\":\"2015-11-25T14:30:26+00:00\",\"dateModified\":\"2017-03-31T16:44:47+00:00\",\"mainEntityOfPage\":{\"@id\":\"https:\\\/\\\/pedroapalma.com\\\/site\\\/conclusiones-rumbo-al-6d-cnn-espanol\\\/\"},\"wordCount\":40,\"commentCount\":0,\"image\":{\"@id\":\"https:\\\/\\\/pedroapalma.com\\\/site\\\/conclusiones-rumbo-al-6d-cnn-espanol\\\/#primaryimage\"},\"thumbnailUrl\":\"https:\\\/\\\/pedroapalma.com\\\/site\\\/wp-content\\\/uploads\\\/2017\\\/03\\\/foto-pp.png\",\"articleSection\":[\"Opini\u00f3n\"],\"inLanguage\":\"es\",\"potentialAction\":[{\"@type\":\"CommentAction\",\"name\":\"Comment\",\"target\":[\"https:\\\/\\\/pedroapalma.com\\\/site\\\/conclusiones-rumbo-al-6d-cnn-espanol\\\/#respond\"]}]},{\"@type\":\"WebPage\",\"@id\":\"https:\\\/\\\/pedroapalma.com\\\/site\\\/conclusiones-rumbo-al-6d-cnn-espanol\\\/\",\"url\":\"https:\\\/\\\/pedroapalma.com\\\/site\\\/conclusiones-rumbo-al-6d-cnn-espanol\\\/\",\"name\":\"Conclusiones: Rumbo al 6D, CNN En Espa\u00f1ol - Pedro A. Palma\",\"isPartOf\":{\"@id\":\"https:\\\/\\\/pedroapalma.com\\\/site\\\/#website\"},\"primaryImageOfPage\":{\"@id\":\"https:\\\/\\\/pedroapalma.com\\\/site\\\/conclusiones-rumbo-al-6d-cnn-espanol\\\/#primaryimage\"},\"image\":{\"@id\":\"https:\\\/\\\/pedroapalma.com\\\/site\\\/conclusiones-rumbo-al-6d-cnn-espanol\\\/#primaryimage\"},\"thumbnailUrl\":\"https:\\\/\\\/pedroapalma.com\\\/site\\\/wp-content\\\/uploads\\\/2017\\\/03\\\/foto-pp.png\",\"datePublished\":\"2015-11-25T14:30:26+00:00\",\"dateModified\":\"2017-03-31T16:44:47+00:00\",\"author\":{\"@id\":\"https:\\\/\\\/pedroapalma.com\\\/site\\\/#\\\/schema\\\/person\\\/427852d245d06b78d8491abf8b114228\"},\"breadcrumb\":{\"@id\":\"https:\\\/\\\/pedroapalma.com\\\/site\\\/conclusiones-rumbo-al-6d-cnn-espanol\\\/#breadcrumb\"},\"inLanguage\":\"es\",\"potentialAction\":[{\"@type\":\"ReadAction\",\"target\":[\"https:\\\/\\\/pedroapalma.com\\\/site\\\/conclusiones-rumbo-al-6d-cnn-espanol\\\/\"]}]},{\"@type\":\"ImageObject\",\"inLanguage\":\"es\",\"@id\":\"https:\\\/\\\/pedroapalma.com\\\/site\\\/conclusiones-rumbo-al-6d-cnn-espanol\\\/#primaryimage\",\"url\":\"https:\\\/\\\/pedroapalma.com\\\/site\\\/wp-content\\\/uploads\\\/2017\\\/03\\\/foto-pp.png\",\"contentUrl\":\"https:\\\/\\\/pedroapalma.com\\\/site\\\/wp-content\\\/uploads\\\/2017\\\/03\\\/foto-pp.png\",\"width\":1278,\"height\":797},{\"@type\":\"BreadcrumbList\",\"@id\":\"https:\\\/\\\/pedroapalma.com\\\/site\\\/conclusiones-rumbo-al-6d-cnn-espanol\\\/#breadcrumb\",\"itemListElement\":[{\"@type\":\"ListItem\",\"position\":1,\"name\":\"Portada\",\"item\":\"https:\\\/\\\/pedroapalma.com\\\/site\\\/\"},{\"@type\":\"ListItem\",\"position\":2,\"name\":\"Conclusiones: Rumbo al 6D, CNN En Espa\u00f1ol\"}]},{\"@type\":\"WebSite\",\"@id\":\"https:\\\/\\\/pedroapalma.com\\\/site\\\/#website\",\"url\":\"https:\\\/\\\/pedroapalma.com\\\/site\\\/\",\"name\":\"Pedro A. Palma\",\"description\":\"Economista\",\"potentialAction\":[{\"@type\":\"SearchAction\",\"target\":{\"@type\":\"EntryPoint\",\"urlTemplate\":\"https:\\\/\\\/pedroapalma.com\\\/site\\\/?s={search_term_string}\"},\"query-input\":{\"@type\":\"PropertyValueSpecification\",\"valueRequired\":true,\"valueName\":\"search_term_string\"}}],\"inLanguage\":\"es\"},{\"@type\":\"Person\",\"@id\":\"https:\\\/\\\/pedroapalma.com\\\/site\\\/#\\\/schema\\\/person\\\/427852d245d06b78d8491abf8b114228\",\"name\":\"Pedro Palma\",\"image\":{\"@type\":\"ImageObject\",\"inLanguage\":\"es\",\"@id\":\"https:\\\/\\\/secure.gravatar.com\\\/avatar\\\/e3e6fe7f370f6e5b5d306bf869e784b2a608a86ea1106a224f9e2d9db2e43968?s=96&d=mm&r=g\",\"url\":\"https:\\\/\\\/secure.gravatar.com\\\/avatar\\\/e3e6fe7f370f6e5b5d306bf869e784b2a608a86ea1106a224f9e2d9db2e43968?s=96&d=mm&r=g\",\"contentUrl\":\"https:\\\/\\\/secure.gravatar.com\\\/avatar\\\/e3e6fe7f370f6e5b5d306bf869e784b2a608a86ea1106a224f9e2d9db2e43968?s=96&d=mm&r=g\",\"caption\":\"Pedro Palma\"}}]}<\/script>\n<!-- \/ Yoast SEO plugin. -->","yoast_head_json":{"title":"Conclusiones: Rumbo al 6D, CNN En Espa\u00f1ol - Pedro A. Palma","robots":{"index":"index","follow":"follow","max-snippet":"max-snippet:-1","max-image-preview":"max-image-preview:large","max-video-preview":"max-video-preview:-1"},"canonical":"https:\/\/pedroapalma.com\/site\/conclusiones-rumbo-al-6d-cnn-espanol\/","og_locale":"es_ES","og_type":"article","og_title":"Conclusiones: Rumbo al 6D, CNN En Espa\u00f1ol - Pedro A. Palma","og_description":"Entrevista hecha por Fernando del Rinc\u00f3n a 3 opinadores sobre la elecci\u00f3n parlamentaria del 6 de Diciembre de 2015 en Venezuela.","og_url":"https:\/\/pedroapalma.com\/site\/conclusiones-rumbo-al-6d-cnn-espanol\/","og_site_name":"Pedro A. Palma","article_published_time":"2015-11-25T14:30:26+00:00","article_modified_time":"2017-03-31T16:44:47+00:00","og_image":[{"width":1278,"height":797,"url":"https:\/\/pedroapalma.com\/site\/wp-content\/uploads\/2017\/03\/foto-pp.png","type":"image\/png"}],"author":"Pedro Palma","twitter_card":"summary_large_image","twitter_misc":{"Escrito por":"Pedro Palma"},"schema":{"@context":"https:\/\/schema.org","@graph":[{"@type":"Article","@id":"https:\/\/pedroapalma.com\/site\/conclusiones-rumbo-al-6d-cnn-espanol\/#article","isPartOf":{"@id":"https:\/\/pedroapalma.com\/site\/conclusiones-rumbo-al-6d-cnn-espanol\/"},"author":{"name":"Pedro Palma","@id":"https:\/\/pedroapalma.com\/site\/#\/schema\/person\/427852d245d06b78d8491abf8b114228"},"headline":"Conclusiones: Rumbo al 6D, CNN En Espa\u00f1ol","datePublished":"2015-11-25T14:30:26+00:00","dateModified":"2017-03-31T16:44:47+00:00","mainEntityOfPage":{"@id":"https:\/\/pedroapalma.com\/site\/conclusiones-rumbo-al-6d-cnn-espanol\/"},"wordCount":40,"commentCount":0,"image":{"@id":"https:\/\/pedroapalma.com\/site\/conclusiones-rumbo-al-6d-cnn-espanol\/#primaryimage"},"thumbnailUrl":"https:\/\/pedroapalma.com\/site\/wp-content\/uploads\/2017\/03\/foto-pp.png","articleSection":["Opini\u00f3n"],"inLanguage":"es","potentialAction":[{"@type":"CommentAction","name":"Comment","target":["https:\/\/pedroapalma.com\/site\/conclusiones-rumbo-al-6d-cnn-espanol\/#respond"]}]},{"@type":"WebPage","@id":"https:\/\/pedroapalma.com\/site\/conclusiones-rumbo-al-6d-cnn-espanol\/","url":"https:\/\/pedroapalma.com\/site\/conclusiones-rumbo-al-6d-cnn-espanol\/","name":"Conclusiones: Rumbo al 6D, CNN En Espa\u00f1ol - Pedro A. Palma","isPartOf":{"@id":"https:\/\/pedroapalma.com\/site\/#website"},"primaryImageOfPage":{"@id":"https:\/\/pedroapalma.com\/site\/conclusiones-rumbo-al-6d-cnn-espanol\/#primaryimage"},"image":{"@id":"https:\/\/pedroapalma.com\/site\/conclusiones-rumbo-al-6d-cnn-espanol\/#primaryimage"},"thumbnailUrl":"https:\/\/pedroapalma.com\/site\/wp-content\/uploads\/2017\/03\/foto-pp.png","datePublished":"2015-11-25T14:30:26+00:00","dateModified":"2017-03-31T16:44:47+00:00","author":{"@id":"https:\/\/pedroapalma.com\/site\/#\/schema\/person\/427852d245d06b78d8491abf8b114228"},"breadcrumb":{"@id":"https:\/\/pedroapalma.com\/site\/conclusiones-rumbo-al-6d-cnn-espanol\/#breadcrumb"},"inLanguage":"es","potentialAction":[{"@type":"ReadAction","target":["https:\/\/pedroapalma.com\/site\/conclusiones-rumbo-al-6d-cnn-espanol\/"]}]},{"@type":"ImageObject","inLanguage":"es","@id":"https:\/\/pedroapalma.com\/site\/conclusiones-rumbo-al-6d-cnn-espanol\/#primaryimage","url":"https:\/\/pedroapalma.com\/site\/wp-content\/uploads\/2017\/03\/foto-pp.png","contentUrl":"https:\/\/pedroapalma.com\/site\/wp-content\/uploads\/2017\/03\/foto-pp.png","width":1278,"height":797},{"@type":"BreadcrumbList","@id":"https:\/\/pedroapalma.com\/site\/conclusiones-rumbo-al-6d-cnn-espanol\/#breadcrumb","itemListElement":[{"@type":"ListItem","position":1,"name":"Portada","item":"https:\/\/pedroapalma.com\/site\/"},{"@type":"ListItem","position":2,"name":"Conclusiones: Rumbo al 6D, CNN En Espa\u00f1ol"}]},{"@type":"WebSite","@id":"https:\/\/pedroapalma.com\/site\/#website","url":"https:\/\/pedroapalma.com\/site\/","name":"Pedro A. Palma","description":"Economista","potentialAction":[{"@type":"SearchAction","target":{"@type":"EntryPoint","urlTemplate":"https:\/\/pedroapalma.com\/site\/?s={search_term_string}"},"query-input":{"@type":"PropertyValueSpecification","valueRequired":true,"valueName":"search_term_string"}}],"inLanguage":"es"},{"@type":"Person","@id":"https:\/\/pedroapalma.com\/site\/#\/schema\/person\/427852d245d06b78d8491abf8b114228","name":"Pedro Palma","image":{"@type":"ImageObject","inLanguage":"es","@id":"https:\/\/secure.gravatar.com\/avatar\/e3e6fe7f370f6e5b5d306bf869e784b2a608a86ea1106a224f9e2d9db2e43968?s=96&d=mm&r=g","url":"https:\/\/secure.gravatar.com\/avatar\/e3e6fe7f370f6e5b5d306bf869e784b2a608a86ea1106a224f9e2d9db2e43968?s=96&d=mm&r=g","contentUrl":"https:\/\/secure.gravatar.com\/avatar\/e3e6fe7f370f6e5b5d306bf869e784b2a608a86ea1106a224f9e2d9db2e43968?s=96&d=mm&r=g","caption":"Pedro Palma"}}]}},"_links":{"self":[{"href":"https:\/\/pedroapalma.com\/site\/wp-json\/wp\/v2\/posts\/3363","targetHints":{"allow":["GET"]}}],"collection":[{"href":"https:\/\/pedroapalma.com\/site\/wp-json\/wp\/v2\/posts"}],"about":[{"href":"https:\/\/pedroapalma.com\/site\/wp-json\/wp\/v2\/types\/post"}],"author":[{"embeddable":true,"href":"https:\/\/pedroapalma.com\/site\/wp-json\/wp\/v2\/users\/2"}],"replies":[{"embeddable":true,"href":"https:\/\/pedroapalma.com\/site\/wp-json\/wp\/v2\/comments?post=3363"}],"version-history":[{"count":1,"href":"https:\/\/pedroapalma.com\/site\/wp-json\/wp\/v2\/posts\/3363\/revisions"}],"predecessor-version":[{"id":3365,"href":"https:\/\/pedroapalma.com\/site\/wp-json\/wp\/v2\/posts\/3363\/revisions\/3365"}],"wp:featuredmedia":[{"embeddable":true,"href":"https:\/\/pedroapalma.com\/site\/wp-json\/wp\/v2\/media\/3364"}],"wp:attachment":[{"href":"https:\/\/pedroapalma.com\/site\/wp-json\/wp\/v2\/media?parent=3363"}],"wp:term":[{"taxonomy":"category","embeddable":true,"href":"https:\/\/pedroapalma.com\/site\/wp-json\/wp\/v2\/categories?post=3363"},{"taxonomy":"post_tag","embeddable":true,"href":"https:\/\/pedroapalma.com\/site\/wp-json\/wp\/v2\/tags?post=3363"}],"curies":[{"name":"wp","href":"https:\/\/api.w.org\/{rel}","templated":true}]}}