{"id":3094,"date":"2017-01-13T04:32:06","date_gmt":"2017-01-13T09:02:06","guid":{"rendered":"http:\/\/www.pedroapalma.com\/?p=3094"},"modified":"2017-01-17T04:51:42","modified_gmt":"2017-01-17T09:21:42","slug":"exhortacion-pastoral-cvii-asamblea-plenaria-ordinaria-del-episcopado-venezolano","status":"publish","type":"post","link":"https:\/\/pedroapalma.com\/site\/exhortacion-pastoral-cvii-asamblea-plenaria-ordinaria-del-episcopado-venezolano\/","title":{"rendered":"Exhortaci\u00f3n Pastoral, CVII Asamblea Plenaria Ordinaria del Episcopado Venezolano"},"content":{"rendered":"<p><strong>\u00a0<\/strong><\/p>\n<p><strong>\u00a0<\/strong><\/p>\n<p style=\"text-align: center;\"><strong>CENT\u00c9SIMA S\u00c9PTIMA ASAMBLEA PLENARIA ORDINARIA<\/strong> <strong>DEL EPISCOPADO VENEZOLANO<\/strong><\/p>\n<p style=\"text-align: center;\"><strong>\u00a0<\/strong><strong>EXHORTACI\u00d3N PASTORAL:<\/strong> <strong>\u00abJESUCRISTO LUZ Y CAMINO PARA VENEZUELA\u00bb.<\/strong><\/p>\n<p><strong>\u00a0<\/strong><\/p>\n<ol>\n<li>Al comienzo de un nuevo a\u00f1o, los obispos de Venezuela hacemos llegar a nuestros hermanos en la fe y a todos los ciudadanos los mejores votos, junto con nuestra oraci\u00f3n, para que tengan un 2017 lleno de bendiciones. Como cristianos hemos celebrado en estos d\u00edas el nacimiento y la manifestaci\u00f3n de Jes\u00fas, el Se\u00f1or, que ha venido como \u00abluz del mundo\u00bb (Jn 8,12) y salvaci\u00f3n para todos los pueblos. \u00c9l nos invita a iluminar los ambientes en que nos desenvolvemos con la claridad de la verdad, la libertad, la justicia y la solidaridad, procurando integrar a esta tarea a quienes no comparten nuestra fe o nuestras convicciones, pero quieren construir una convivencia fraterna y pac\u00edfica. Si bien hablamos como cristianos cat\u00f3licos, nuestras reflexiones y preocupaciones las ofrecemos a todos, sin distinci\u00f3n de credo, de inclinaciones pol\u00edticas o sociales. El pa\u00eds nos duele a todos, y el clamor y la angustia de la gente son tambi\u00e9n nuestros.<\/li>\n<\/ol>\n<p>&nbsp;<\/p>\n<p><strong>El OSCURO PANORAMA DE VENEZUELA<\/strong><\/p>\n<ol start=\"2\">\n<li>La actual realidad venezolana es extremadamente cr\u00edtica. Una gran oscuridad cubre nuestro pa\u00eds. Estamos viviendo situaciones dram\u00e1ticas: la grave escasez de medicinas y alimentos, \u00a1Nunca antes hab\u00edamos visto tantos hermanos nuestros hurgar en la basura en b\u00fasqueda de comida!, el deterioro extremo de la salud p\u00fablica, la alta desnutrici\u00f3n en los ni\u00f1os, la ideologizaci\u00f3n en la educaci\u00f3n, el alt\u00edsimo \u00edndice de inflaci\u00f3n con la consecuente p\u00e9rdida del poder adquisitivo, la corrupci\u00f3n generalizada e impune, propiciada particularmente por el control de cambio, el odio y la violencia pol\u00edtica, los elevados \u00edndices de delincuencia e inseguridad, el p\u00e9simo funcionamiento de los servicios p\u00fablicos, dibujan un oscuro panorama que se agrava cada d\u00eda que pasa, porque no se ponen correctivos a los males y porque la causa que los genera avanza como una tenaza que se va cerrando, con sus secuelas opresivas y destructoras. Esta cultura de muerte en la que estamos sumidos configura un estado de acciones y decisiones moralmente inaceptables que descalifica \u00e9ticamente a quien lo provoca, mantiene o justifica.<\/li>\n<\/ol>\n<p>&nbsp;<\/p>\n<ol start=\"3\">\n<li>La obstrucci\u00f3n del Referendo Revocatorio del mandato del Presidente de la Rep\u00fablica por parte del Consejo Nacional Electoral ha provocado rechazo, desencanto y frustraci\u00f3n de la ciudadan\u00eda. El intento de cercenar las atribuciones constitucionales de la Asamblea Nacional y la ola de represi\u00f3n y persecuci\u00f3n pol\u00edtica que se ha desatado en \u00faltimos d\u00edas lesionan gravemente el ejercicio de la institucionalidad democr\u00e1tica. S\u00f3lo en reg\u00edmenes totalitarios se desconoce la autonom\u00eda de los poderes p\u00fablicos y se impide la libre manifestaci\u00f3n de la ciudadan\u00eda.<\/li>\n<\/ol>\n<p>&nbsp;<\/p>\n<ol start=\"4\">\n<li>Muchas son las razones que han conducido al pa\u00eds a la actual situaci\u00f3n. La causa fundamental, como lo hemos afirmado en otras ocasiones, es el empe\u00f1o del Gobierno de imponer el sistema totalitario recogido en el \u00abPlan de la Patria\u00bb (llamado Socialismo del Siglo XXI), a pesar de que el sistema socialista marxista ha fracasado en todos los pa\u00edses en que se ha instaurado, dejando una estela de dolor y pobreza.<\/li>\n<\/ol>\n<p>&nbsp;<\/p>\n<ol start=\"5\">\n<li>Es necesario incluir en el inventario negativo el infructuoso di\u00e1logo entre el Gobierno y la Oposici\u00f3n, en el cual la Sede Apost\u00f3lica acept\u00f3 participar como facilitador por la invitaci\u00f3n de las partes en conflicto. Dicho di\u00e1logo suscit\u00f3 esperanza en la mayor\u00eda de los venezolanos, pero su resultado fue decepcionante, a causa, principalmente, del incumplimiento, por parte del Gobierno, de los acuerdos a que se hab\u00eda llegado en la reuni\u00f3n del 30 de octubre de 2016.<\/li>\n<\/ol>\n<p>&nbsp;<\/p>\n<ol start=\"6\">\n<li>Agradecemos vivamente la disposici\u00f3n de servicio del Papa Francisco y lamentamos que su contribuci\u00f3n a la paz de Venezuela haya sido mal interpretada. El di\u00e1logo, positivo y necesario en s\u00ed, exige, para ser fruct\u00edfero y exitoso, una plataforma com\u00fan de objetivos definidos y, sobre todo, una actitud de \u00e1nimo respetuosa y receptiva en los participantes, la cual conlleva superar la intolerancia y la autosuficiencia.<\/li>\n<\/ol>\n<p>&nbsp;<\/p>\n<ol start=\"7\">\n<li>Los obispos venezolanos, en comuni\u00f3n con el Santo Padre Francisco, reiteramos las condiciones para continuar el di\u00e1logo se\u00f1aladas por el Secretario del Estado Vaticano, el Cardenal Pietro Parol\u00edn, en su carta del 01 de diciembre de 2016: \u00ab1. Aliviar la grave crisis de abastecimiento de comida y medicinas que est\u00e1 sufriendo la poblaci\u00f3n. 2. Las partes concuerden el calendario electoral que permita a los venezolanos decidir sin dilaciones su futuro. 3. Se tomen las medidas necesarias para restituir cuanto antes a la Asamblea Nacional el rol previsto en la Constituci\u00f3n; 4. Se apliquen los instrumentos legales para acelerar el proceso de liberaci\u00f3n de los detenidos\u00bb.<\/li>\n<\/ol>\n<p>&nbsp;<\/p>\n<p><strong>LUCES PARA CONSTRUIR LA NUEVA VENEZUELA<\/strong><\/p>\n<ol start=\"8\">\n<li>El verdadero cristiano es \u00absal de la tierra y luz del mundo\u00bb (Mt 5,13.14). No esconde su luz, sino que la hace brillar delante de los hombres para que sus buenas obras iluminen a la sociedad y alaben al Padre celestial (Cf. Mt 5,16). Busca el bien com\u00fan guiado por una conciencia recta.<\/li>\n<\/ol>\n<p>&nbsp;<\/p>\n<ol start=\"9\">\n<li>\u00bfC\u00f3mo ser portadores de luz y esperanza en un panorama de oscuridad y de muerte? Este es el desaf\u00edo que nos interpela m\u00e1s profundamente como ciudadanos y como creyentes. Los preceptos \u00abama a tu pr\u00f3jimo como a ti mismo\u00bb (Mt 22,39) y \u00abno matar\u00e1s\u00bb (Ex 20,13), es la voz de Dios que resuena en el fondo de nuestras conciencias. La misi\u00f3n del cristiano, en cualquier circunstancia, es anunciar al Dios de la vida y revertir la cultura de muerte en cultura de vida.<\/li>\n<\/ol>\n<p>&nbsp;<\/p>\n<ol start=\"10\">\n<li>Es necesario generar gestos valientes e iniciativas innovadoras que motiven a esperar contra toda esperanza (Cf. Rom 4,18), para construir una convivencia libre, justa y fraterna; es tarea que nos compete a todos, cada cual seg\u00fan su posici\u00f3n. Es una responsabilidad ineludible porque frente al mal nadie puede permanecer como simple espectador. El llamado es a ser protagonistas del presente y del futuro de nuestro querido pa\u00eds.<\/li>\n<\/ol>\n<p>&nbsp;<\/p>\n<ol start=\"11\">\n<li>Las urgentes necesidades de las personas, familias y comunidades reclaman de las autoridades respuestas inmediatas. En este momento es necesario que el Estado venezolano acepte la ayuda internacional, ofrecida por varios pa\u00edses y organizaciones. La Iglesia pone a disposici\u00f3n su infraestructura organizativa (diocesana, parroquial, comunidades eclesiales, C\u00e1ritas y otros organismos) para ayudar a enfrentar las carencias de tantos hombres, mujeres y ni\u00f1os en situaci\u00f3n de riesgo. Hay muchas otras instituciones e iniciativas privadas dispuestas a contribuir al bien de todos. Con el concurso de los medios y redes de comunicaci\u00f3n promovamos la solidaridad nacional que nos lleve a encontrar respuestas valederas ante la urgencia de alimentaci\u00f3n y salud.<\/li>\n<\/ol>\n<p>&nbsp;<\/p>\n<ol start=\"12\">\n<li>Tal como declaramos en el Mensaje de la Asamblea Conjunta con los Laicos (08-09\/01\/17), estimamos que el pueblo clama por un cambio profundo de la orientaci\u00f3n pol\u00edtica del pa\u00eds que sea producto de la decisi\u00f3n del pueblo soberano (CRBV 5): o el Socialismo del Siglo XXI, ausente de la Constituci\u00f3n, o el sistema democr\u00e1tico establecido en la Constituci\u00f3n. El pa\u00eds exige un itinerario electoral, tal como se acord\u00f3 en la<a href=\"http:\/\/www.cev.org.ve\/index.php\/noticias\"><u>Mesa<\/u><\/a>de Di\u00e1logo.<\/li>\n<\/ol>\n<p>&nbsp;<\/p>\n<ol start=\"13\">\n<li>Es urgente emprender entre todos acciones que conlleven a la superaci\u00f3n de la crisis del pa\u00eds: reactivar el aparato productivo, garantizar la vigencia del Estado de derecho, reconstituir el tejido social fracturado, valorar la \u00e9tica personal, familiar y comunitaria, fomentar la honestidad y la responsabilidad en la vida p\u00fablica, promover la reconciliaci\u00f3n entre las personas y grupos y, en definitiva, renovar la vida completa del pa\u00eds.<\/li>\n<\/ol>\n<p>&nbsp;<\/p>\n<ol start=\"14\">\n<li>Ante la desesperanza reinante, que paraliza la din\u00e1mica de toda buena y oportuna iniciativa, exhortamos a todas las agrupaciones pol\u00edticas, a las distintas confesiones religiosas, a los gremios y asociaciones, a las universidades y al amplio mundo educativo, a los medios de comunicaci\u00f3n, a lograr puntos de encuentro que favorezcan la articulaci\u00f3n de los diversos sectores en un proyecto com\u00fan de pa\u00eds. Tengamos confianza y esperanza en nuestras capacidades para cambiar la actual situaci\u00f3n.<\/li>\n<\/ol>\n<p>&nbsp;<\/p>\n<ol start=\"15\">\n<li>Acogemos lo expresado en el Mensaje de A\u00f1o Nuevo y la Jornada Mundial por la Paz de la Arquidi\u00f3cesis de Caracas, \u00aben torno a la liberaci\u00f3n de los presos por hechos conexos con actividades pol\u00edticas. Tanto el Poder Judicial como el Gobierno Nacional tienen instrumentos legales y constitucionales para poner en libertad inmediata a la mayor\u00eda de esos ciudadanos, m\u00e1s de un centenar, que sufren una prisi\u00f3n injusta. Adem\u00e1s, aunque estuvieran presuntamente incursos en delitos, todos ellos deber\u00edan ser procesados en libertad, tal como lo dispone el C\u00f3digo Org\u00e1nico Procesal Penal\u00bb.<\/li>\n<\/ol>\n<p>&nbsp;<\/p>\n<ol start=\"16\">\n<li>Pedimos a Dios que ilumine a nuestros dirigentes a fin de que se logren a la mayor brevedad los acuerdos necesarios para superar la crisis. Imploramos su bendici\u00f3n sobre todos los habitantes del pa\u00eds.<\/li>\n<\/ol>\n<p>&nbsp;<\/p>\n<ol start=\"17\">\n<li>Invocamos a nuestra Madre, la Virgen Mar\u00eda de Coromoto, para que interceda ante su hijo Jesucristo en estos momentos decisivos para el futuro de la patria. Invitamos a todos los ciudadanos a unirse a nuestras s\u00faplicas y a ser luz y camino para Venezuela.<\/li>\n<\/ol>\n<p>&nbsp;<\/p>\n<p>&nbsp;<\/p>\n<p><strong>Los Arzobispos y Obispos de Venezuela.<\/strong><\/p>\n<p>Caracas, 13 de enero de 2017.<\/p>\n<p style=\"text-align: center;\">\n","protected":false},"excerpt":{"rendered":"<p>Documento dirigido al pueblo venezolano de los Arzobispos y Obispos de Venezuela al concluir la CVII Asamblea Plenaria Ordinaria del Episcopado Venezolano. 13 de enero de 2017. <\/p>\n","protected":false},"author":2,"featured_media":3059,"comment_status":"open","ping_status":"open","sticky":false,"template":"","format":"standard","meta":{"footnotes":""},"categories":[16],"tags":[967,966,965,968],"class_list":["post-3094","post","type-post","status-publish","format-standard","has-post-thumbnail","hentry","category-otros","tag-cvii-asamblea-del-episcopado-venezolano","tag-exhortacion-pastoral-13-enero-2017","tag-mensaje-del-episcopado-venezolano","tag-mensaje-del-episcopado-venezolano-13-de-enero-de-2017"],"yoast_head":"<!-- This site is optimized with the Yoast SEO plugin v27.4 - https:\/\/yoast.com\/product\/yoast-seo-wordpress\/ -->\n<title>Exhortaci\u00f3n Pastoral, CVII Asamblea Plenaria Ordinaria del Episcopado Venezolano - Pedro A. Palma<\/title>\n<meta name=\"robots\" content=\"index, follow, max-snippet:-1, max-image-preview:large, max-video-preview:-1\" \/>\n<link rel=\"canonical\" href=\"https:\/\/pedroapalma.com\/site\/exhortacion-pastoral-cvii-asamblea-plenaria-ordinaria-del-episcopado-venezolano\/\" \/>\n<meta property=\"og:locale\" content=\"es_ES\" \/>\n<meta property=\"og:type\" content=\"article\" \/>\n<meta property=\"og:title\" content=\"Exhortaci\u00f3n Pastoral, CVII Asamblea Plenaria Ordinaria del Episcopado Venezolano - Pedro A. Palma\" \/>\n<meta property=\"og:description\" content=\"Documento dirigido al pueblo venezolano de los Arzobispos y Obispos de Venezuela al concluir la CVII Asamblea Plenaria Ordinaria del Episcopado Venezolano. 13 de enero de 2017.\" \/>\n<meta property=\"og:url\" content=\"https:\/\/pedroapalma.com\/site\/exhortacion-pastoral-cvii-asamblea-plenaria-ordinaria-del-episcopado-venezolano\/\" \/>\n<meta property=\"og:site_name\" content=\"Pedro A. Palma\" \/>\n<meta property=\"article:published_time\" content=\"2017-01-13T09:02:06+00:00\" \/>\n<meta property=\"article:modified_time\" content=\"2017-01-17T09:21:42+00:00\" \/>\n<meta property=\"og:image\" content=\"https:\/\/pedroapalma.com\/site\/wp-content\/uploads\/2017\/01\/Conferencia-Episcopal-Vzlana..jpg\" \/>\n\t<meta property=\"og:image:width\" content=\"1024\" \/>\n\t<meta property=\"og:image:height\" content=\"358\" \/>\n\t<meta property=\"og:image:type\" content=\"image\/jpeg\" \/>\n<meta name=\"author\" content=\"Pedro Palma\" \/>\n<meta name=\"twitter:card\" content=\"summary_large_image\" \/>\n<meta name=\"twitter:label1\" content=\"Escrito por\" \/>\n\t<meta name=\"twitter:data1\" content=\"Pedro Palma\" \/>\n\t<meta name=\"twitter:label2\" content=\"Tiempo de lectura\" \/>\n\t<meta name=\"twitter:data2\" content=\"8 minutos\" \/>\n<script type=\"application\/ld+json\" class=\"yoast-schema-graph\">{\"@context\":\"https:\\\/\\\/schema.org\",\"@graph\":[{\"@type\":\"Article\",\"@id\":\"https:\\\/\\\/pedroapalma.com\\\/site\\\/exhortacion-pastoral-cvii-asamblea-plenaria-ordinaria-del-episcopado-venezolano\\\/#article\",\"isPartOf\":{\"@id\":\"https:\\\/\\\/pedroapalma.com\\\/site\\\/exhortacion-pastoral-cvii-asamblea-plenaria-ordinaria-del-episcopado-venezolano\\\/\"},\"author\":{\"name\":\"Pedro Palma\",\"@id\":\"https:\\\/\\\/pedroapalma.com\\\/site\\\/#\\\/schema\\\/person\\\/427852d245d06b78d8491abf8b114228\"},\"headline\":\"Exhortaci\u00f3n Pastoral, CVII Asamblea Plenaria Ordinaria del Episcopado Venezolano\",\"datePublished\":\"2017-01-13T09:02:06+00:00\",\"dateModified\":\"2017-01-17T09:21:42+00:00\",\"mainEntityOfPage\":{\"@id\":\"https:\\\/\\\/pedroapalma.com\\\/site\\\/exhortacion-pastoral-cvii-asamblea-plenaria-ordinaria-del-episcopado-venezolano\\\/\"},\"wordCount\":1590,\"commentCount\":0,\"image\":{\"@id\":\"https:\\\/\\\/pedroapalma.com\\\/site\\\/exhortacion-pastoral-cvii-asamblea-plenaria-ordinaria-del-episcopado-venezolano\\\/#primaryimage\"},\"thumbnailUrl\":\"https:\\\/\\\/pedroapalma.com\\\/site\\\/wp-content\\\/uploads\\\/2017\\\/01\\\/Conferencia-Episcopal-Vzlana..jpg\",\"keywords\":[\"CVII Asamblea del Episcopado Venezolano\",\"Exhortaci\u00f3n Pastoral 13 enero 2017\",\"Mensaje del Episcopado Venezolano\",\"Mensaje del Episcopado Venezolano 13 de enero de 2017\"],\"articleSection\":[\"Otros\"],\"inLanguage\":\"es\",\"potentialAction\":[{\"@type\":\"CommentAction\",\"name\":\"Comment\",\"target\":[\"https:\\\/\\\/pedroapalma.com\\\/site\\\/exhortacion-pastoral-cvii-asamblea-plenaria-ordinaria-del-episcopado-venezolano\\\/#respond\"]}]},{\"@type\":\"WebPage\",\"@id\":\"https:\\\/\\\/pedroapalma.com\\\/site\\\/exhortacion-pastoral-cvii-asamblea-plenaria-ordinaria-del-episcopado-venezolano\\\/\",\"url\":\"https:\\\/\\\/pedroapalma.com\\\/site\\\/exhortacion-pastoral-cvii-asamblea-plenaria-ordinaria-del-episcopado-venezolano\\\/\",\"name\":\"Exhortaci\u00f3n Pastoral, CVII Asamblea Plenaria Ordinaria del Episcopado Venezolano - Pedro A. Palma\",\"isPartOf\":{\"@id\":\"https:\\\/\\\/pedroapalma.com\\\/site\\\/#website\"},\"primaryImageOfPage\":{\"@id\":\"https:\\\/\\\/pedroapalma.com\\\/site\\\/exhortacion-pastoral-cvii-asamblea-plenaria-ordinaria-del-episcopado-venezolano\\\/#primaryimage\"},\"image\":{\"@id\":\"https:\\\/\\\/pedroapalma.com\\\/site\\\/exhortacion-pastoral-cvii-asamblea-plenaria-ordinaria-del-episcopado-venezolano\\\/#primaryimage\"},\"thumbnailUrl\":\"https:\\\/\\\/pedroapalma.com\\\/site\\\/wp-content\\\/uploads\\\/2017\\\/01\\\/Conferencia-Episcopal-Vzlana..jpg\",\"datePublished\":\"2017-01-13T09:02:06+00:00\",\"dateModified\":\"2017-01-17T09:21:42+00:00\",\"author\":{\"@id\":\"https:\\\/\\\/pedroapalma.com\\\/site\\\/#\\\/schema\\\/person\\\/427852d245d06b78d8491abf8b114228\"},\"breadcrumb\":{\"@id\":\"https:\\\/\\\/pedroapalma.com\\\/site\\\/exhortacion-pastoral-cvii-asamblea-plenaria-ordinaria-del-episcopado-venezolano\\\/#breadcrumb\"},\"inLanguage\":\"es\",\"potentialAction\":[{\"@type\":\"ReadAction\",\"target\":[\"https:\\\/\\\/pedroapalma.com\\\/site\\\/exhortacion-pastoral-cvii-asamblea-plenaria-ordinaria-del-episcopado-venezolano\\\/\"]}]},{\"@type\":\"ImageObject\",\"inLanguage\":\"es\",\"@id\":\"https:\\\/\\\/pedroapalma.com\\\/site\\\/exhortacion-pastoral-cvii-asamblea-plenaria-ordinaria-del-episcopado-venezolano\\\/#primaryimage\",\"url\":\"https:\\\/\\\/pedroapalma.com\\\/site\\\/wp-content\\\/uploads\\\/2017\\\/01\\\/Conferencia-Episcopal-Vzlana..jpg\",\"contentUrl\":\"https:\\\/\\\/pedroapalma.com\\\/site\\\/wp-content\\\/uploads\\\/2017\\\/01\\\/Conferencia-Episcopal-Vzlana..jpg\",\"width\":1024,\"height\":358},{\"@type\":\"BreadcrumbList\",\"@id\":\"https:\\\/\\\/pedroapalma.com\\\/site\\\/exhortacion-pastoral-cvii-asamblea-plenaria-ordinaria-del-episcopado-venezolano\\\/#breadcrumb\",\"itemListElement\":[{\"@type\":\"ListItem\",\"position\":1,\"name\":\"Portada\",\"item\":\"https:\\\/\\\/pedroapalma.com\\\/site\\\/\"},{\"@type\":\"ListItem\",\"position\":2,\"name\":\"Exhortaci\u00f3n Pastoral, CVII Asamblea Plenaria Ordinaria del Episcopado Venezolano\"}]},{\"@type\":\"WebSite\",\"@id\":\"https:\\\/\\\/pedroapalma.com\\\/site\\\/#website\",\"url\":\"https:\\\/\\\/pedroapalma.com\\\/site\\\/\",\"name\":\"Pedro A. Palma\",\"description\":\"Economista\",\"potentialAction\":[{\"@type\":\"SearchAction\",\"target\":{\"@type\":\"EntryPoint\",\"urlTemplate\":\"https:\\\/\\\/pedroapalma.com\\\/site\\\/?s={search_term_string}\"},\"query-input\":{\"@type\":\"PropertyValueSpecification\",\"valueRequired\":true,\"valueName\":\"search_term_string\"}}],\"inLanguage\":\"es\"},{\"@type\":\"Person\",\"@id\":\"https:\\\/\\\/pedroapalma.com\\\/site\\\/#\\\/schema\\\/person\\\/427852d245d06b78d8491abf8b114228\",\"name\":\"Pedro Palma\",\"image\":{\"@type\":\"ImageObject\",\"inLanguage\":\"es\",\"@id\":\"https:\\\/\\\/secure.gravatar.com\\\/avatar\\\/e3e6fe7f370f6e5b5d306bf869e784b2a608a86ea1106a224f9e2d9db2e43968?s=96&d=mm&r=g\",\"url\":\"https:\\\/\\\/secure.gravatar.com\\\/avatar\\\/e3e6fe7f370f6e5b5d306bf869e784b2a608a86ea1106a224f9e2d9db2e43968?s=96&d=mm&r=g\",\"contentUrl\":\"https:\\\/\\\/secure.gravatar.com\\\/avatar\\\/e3e6fe7f370f6e5b5d306bf869e784b2a608a86ea1106a224f9e2d9db2e43968?s=96&d=mm&r=g\",\"caption\":\"Pedro Palma\"}}]}<\/script>\n<!-- \/ Yoast SEO plugin. -->","yoast_head_json":{"title":"Exhortaci\u00f3n Pastoral, CVII Asamblea Plenaria Ordinaria del Episcopado Venezolano - Pedro A. Palma","robots":{"index":"index","follow":"follow","max-snippet":"max-snippet:-1","max-image-preview":"max-image-preview:large","max-video-preview":"max-video-preview:-1"},"canonical":"https:\/\/pedroapalma.com\/site\/exhortacion-pastoral-cvii-asamblea-plenaria-ordinaria-del-episcopado-venezolano\/","og_locale":"es_ES","og_type":"article","og_title":"Exhortaci\u00f3n Pastoral, CVII Asamblea Plenaria Ordinaria del Episcopado Venezolano - Pedro A. Palma","og_description":"Documento dirigido al pueblo venezolano de los Arzobispos y Obispos de Venezuela al concluir la CVII Asamblea Plenaria Ordinaria del Episcopado Venezolano. 13 de enero de 2017.","og_url":"https:\/\/pedroapalma.com\/site\/exhortacion-pastoral-cvii-asamblea-plenaria-ordinaria-del-episcopado-venezolano\/","og_site_name":"Pedro A. Palma","article_published_time":"2017-01-13T09:02:06+00:00","article_modified_time":"2017-01-17T09:21:42+00:00","og_image":[{"width":1024,"height":358,"url":"https:\/\/pedroapalma.com\/site\/wp-content\/uploads\/2017\/01\/Conferencia-Episcopal-Vzlana..jpg","type":"image\/jpeg"}],"author":"Pedro Palma","twitter_card":"summary_large_image","twitter_misc":{"Escrito por":"Pedro Palma","Tiempo de lectura":"8 minutos"},"schema":{"@context":"https:\/\/schema.org","@graph":[{"@type":"Article","@id":"https:\/\/pedroapalma.com\/site\/exhortacion-pastoral-cvii-asamblea-plenaria-ordinaria-del-episcopado-venezolano\/#article","isPartOf":{"@id":"https:\/\/pedroapalma.com\/site\/exhortacion-pastoral-cvii-asamblea-plenaria-ordinaria-del-episcopado-venezolano\/"},"author":{"name":"Pedro Palma","@id":"https:\/\/pedroapalma.com\/site\/#\/schema\/person\/427852d245d06b78d8491abf8b114228"},"headline":"Exhortaci\u00f3n Pastoral, CVII Asamblea Plenaria Ordinaria del Episcopado Venezolano","datePublished":"2017-01-13T09:02:06+00:00","dateModified":"2017-01-17T09:21:42+00:00","mainEntityOfPage":{"@id":"https:\/\/pedroapalma.com\/site\/exhortacion-pastoral-cvii-asamblea-plenaria-ordinaria-del-episcopado-venezolano\/"},"wordCount":1590,"commentCount":0,"image":{"@id":"https:\/\/pedroapalma.com\/site\/exhortacion-pastoral-cvii-asamblea-plenaria-ordinaria-del-episcopado-venezolano\/#primaryimage"},"thumbnailUrl":"https:\/\/pedroapalma.com\/site\/wp-content\/uploads\/2017\/01\/Conferencia-Episcopal-Vzlana..jpg","keywords":["CVII Asamblea del Episcopado Venezolano","Exhortaci\u00f3n Pastoral 13 enero 2017","Mensaje del Episcopado Venezolano","Mensaje del Episcopado Venezolano 13 de enero de 2017"],"articleSection":["Otros"],"inLanguage":"es","potentialAction":[{"@type":"CommentAction","name":"Comment","target":["https:\/\/pedroapalma.com\/site\/exhortacion-pastoral-cvii-asamblea-plenaria-ordinaria-del-episcopado-venezolano\/#respond"]}]},{"@type":"WebPage","@id":"https:\/\/pedroapalma.com\/site\/exhortacion-pastoral-cvii-asamblea-plenaria-ordinaria-del-episcopado-venezolano\/","url":"https:\/\/pedroapalma.com\/site\/exhortacion-pastoral-cvii-asamblea-plenaria-ordinaria-del-episcopado-venezolano\/","name":"Exhortaci\u00f3n Pastoral, CVII Asamblea Plenaria Ordinaria del Episcopado Venezolano - Pedro A. Palma","isPartOf":{"@id":"https:\/\/pedroapalma.com\/site\/#website"},"primaryImageOfPage":{"@id":"https:\/\/pedroapalma.com\/site\/exhortacion-pastoral-cvii-asamblea-plenaria-ordinaria-del-episcopado-venezolano\/#primaryimage"},"image":{"@id":"https:\/\/pedroapalma.com\/site\/exhortacion-pastoral-cvii-asamblea-plenaria-ordinaria-del-episcopado-venezolano\/#primaryimage"},"thumbnailUrl":"https:\/\/pedroapalma.com\/site\/wp-content\/uploads\/2017\/01\/Conferencia-Episcopal-Vzlana..jpg","datePublished":"2017-01-13T09:02:06+00:00","dateModified":"2017-01-17T09:21:42+00:00","author":{"@id":"https:\/\/pedroapalma.com\/site\/#\/schema\/person\/427852d245d06b78d8491abf8b114228"},"breadcrumb":{"@id":"https:\/\/pedroapalma.com\/site\/exhortacion-pastoral-cvii-asamblea-plenaria-ordinaria-del-episcopado-venezolano\/#breadcrumb"},"inLanguage":"es","potentialAction":[{"@type":"ReadAction","target":["https:\/\/pedroapalma.com\/site\/exhortacion-pastoral-cvii-asamblea-plenaria-ordinaria-del-episcopado-venezolano\/"]}]},{"@type":"ImageObject","inLanguage":"es","@id":"https:\/\/pedroapalma.com\/site\/exhortacion-pastoral-cvii-asamblea-plenaria-ordinaria-del-episcopado-venezolano\/#primaryimage","url":"https:\/\/pedroapalma.com\/site\/wp-content\/uploads\/2017\/01\/Conferencia-Episcopal-Vzlana..jpg","contentUrl":"https:\/\/pedroapalma.com\/site\/wp-content\/uploads\/2017\/01\/Conferencia-Episcopal-Vzlana..jpg","width":1024,"height":358},{"@type":"BreadcrumbList","@id":"https:\/\/pedroapalma.com\/site\/exhortacion-pastoral-cvii-asamblea-plenaria-ordinaria-del-episcopado-venezolano\/#breadcrumb","itemListElement":[{"@type":"ListItem","position":1,"name":"Portada","item":"https:\/\/pedroapalma.com\/site\/"},{"@type":"ListItem","position":2,"name":"Exhortaci\u00f3n Pastoral, CVII Asamblea Plenaria Ordinaria del Episcopado Venezolano"}]},{"@type":"WebSite","@id":"https:\/\/pedroapalma.com\/site\/#website","url":"https:\/\/pedroapalma.com\/site\/","name":"Pedro A. Palma","description":"Economista","potentialAction":[{"@type":"SearchAction","target":{"@type":"EntryPoint","urlTemplate":"https:\/\/pedroapalma.com\/site\/?s={search_term_string}"},"query-input":{"@type":"PropertyValueSpecification","valueRequired":true,"valueName":"search_term_string"}}],"inLanguage":"es"},{"@type":"Person","@id":"https:\/\/pedroapalma.com\/site\/#\/schema\/person\/427852d245d06b78d8491abf8b114228","name":"Pedro Palma","image":{"@type":"ImageObject","inLanguage":"es","@id":"https:\/\/secure.gravatar.com\/avatar\/e3e6fe7f370f6e5b5d306bf869e784b2a608a86ea1106a224f9e2d9db2e43968?s=96&d=mm&r=g","url":"https:\/\/secure.gravatar.com\/avatar\/e3e6fe7f370f6e5b5d306bf869e784b2a608a86ea1106a224f9e2d9db2e43968?s=96&d=mm&r=g","contentUrl":"https:\/\/secure.gravatar.com\/avatar\/e3e6fe7f370f6e5b5d306bf869e784b2a608a86ea1106a224f9e2d9db2e43968?s=96&d=mm&r=g","caption":"Pedro Palma"}}]}},"_links":{"self":[{"href":"https:\/\/pedroapalma.com\/site\/wp-json\/wp\/v2\/posts\/3094","targetHints":{"allow":["GET"]}}],"collection":[{"href":"https:\/\/pedroapalma.com\/site\/wp-json\/wp\/v2\/posts"}],"about":[{"href":"https:\/\/pedroapalma.com\/site\/wp-json\/wp\/v2\/types\/post"}],"author":[{"embeddable":true,"href":"https:\/\/pedroapalma.com\/site\/wp-json\/wp\/v2\/users\/2"}],"replies":[{"embeddable":true,"href":"https:\/\/pedroapalma.com\/site\/wp-json\/wp\/v2\/comments?post=3094"}],"version-history":[{"count":1,"href":"https:\/\/pedroapalma.com\/site\/wp-json\/wp\/v2\/posts\/3094\/revisions"}],"predecessor-version":[{"id":3095,"href":"https:\/\/pedroapalma.com\/site\/wp-json\/wp\/v2\/posts\/3094\/revisions\/3095"}],"wp:featuredmedia":[{"embeddable":true,"href":"https:\/\/pedroapalma.com\/site\/wp-json\/wp\/v2\/media\/3059"}],"wp:attachment":[{"href":"https:\/\/pedroapalma.com\/site\/wp-json\/wp\/v2\/media?parent=3094"}],"wp:term":[{"taxonomy":"category","embeddable":true,"href":"https:\/\/pedroapalma.com\/site\/wp-json\/wp\/v2\/categories?post=3094"},{"taxonomy":"post_tag","embeddable":true,"href":"https:\/\/pedroapalma.com\/site\/wp-json\/wp\/v2\/tags?post=3094"}],"curies":[{"name":"wp","href":"https:\/\/api.w.org\/{rel}","templated":true}]}}