{"id":251,"date":"2015-08-07T22:25:08","date_gmt":"2015-08-07T22:25:08","guid":{"rendered":"http:\/\/www.tmsdesarrolladores.com\/pedropalma\/?p=251"},"modified":"2015-10-12T22:27:51","modified_gmt":"2015-10-12T22:27:51","slug":"mucho-gusto-con-mariaca-semprun","status":"publish","type":"post","link":"https:\/\/pedroapalma.com\/site\/mucho-gusto-con-mariaca-semprun\/","title":{"rendered":"Mucho Gusto con Mariaca Sempr\u00fan"},"content":{"rendered":"<h3>Programa: Mucho Gusto con Mariaca Sempr\u00fan<\/h3>\n<h3>Fecha: 7 de agosto de 2015<\/h3>\n<h3>Estaci\u00f3n: Circuito \u00c9xitos FM 99.9 (Caracas)<\/h3>\n<h3>Entrevistador: C\u00e9sar Miguel Rond\u00f3n<\/h3>\n<h3>Informaci\u00f3n: Conversaci\u00f3n con la extraordinaria artista Mariaca Sempr\u00fan<\/h3>\n<p><a href=\"http:\/\/goo.gl\/5OYhO5\">http:\/\/goo.gl\/5OYhO5<\/a><\/p>\n<p>&nbsp;<\/p>\n<p>&nbsp;<\/p>\n","protected":false},"excerpt":{"rendered":"<p>Programa: Mucho Gusto con Mariaca Sempr\u00fan Fecha: 7 de agosto de 2015 Estaci\u00f3n: Circuito \u00c9xitos FM 99.9 (Caracas) Entrevistador: C\u00e9sar Miguel Rond\u00f3n Informaci\u00f3n: Conversaci\u00f3n con la extraordinaria artista Mariaca Sempr\u00fan http:\/\/goo.gl\/5OYhO5 &nbsp; &nbsp;<\/p>\n","protected":false},"author":2,"featured_media":253,"comment_status":"open","ping_status":"open","sticky":false,"template":"","format":"standard","meta":{"footnotes":""},"categories":[12],"tags":[],"class_list":["post-251","post","type-post","status-publish","format-standard","has-post-thumbnail","hentry","category-entrevistas-de-radio"],"yoast_head":"<!-- This site is optimized with the Yoast SEO plugin v27.4 - https:\/\/yoast.com\/product\/yoast-seo-wordpress\/ -->\n<title>Mucho Gusto con Mariaca Sempr\u00fan - Pedro A. Palma<\/title>\n<meta name=\"robots\" content=\"index, follow, max-snippet:-1, max-image-preview:large, max-video-preview:-1\" \/>\n<link rel=\"canonical\" href=\"https:\/\/pedroapalma.com\/site\/mucho-gusto-con-mariaca-semprun\/\" \/>\n<meta property=\"og:locale\" content=\"es_ES\" \/>\n<meta property=\"og:type\" content=\"article\" \/>\n<meta property=\"og:title\" content=\"Mucho Gusto con Mariaca Sempr\u00fan - Pedro A. Palma\" \/>\n<meta property=\"og:description\" content=\"Programa: Mucho Gusto con Mariaca Sempr\u00fan Fecha: 7 de agosto de 2015 Estaci\u00f3n: Circuito \u00c9xitos FM 99.9 (Caracas) Entrevistador: C\u00e9sar Miguel Rond\u00f3n Informaci\u00f3n: Conversaci\u00f3n con la extraordinaria artista Mariaca Sempr\u00fan http:\/\/goo.gl\/5OYhO5 &nbsp; &nbsp;\" \/>\n<meta property=\"og:url\" content=\"https:\/\/pedroapalma.com\/site\/mucho-gusto-con-mariaca-semprun\/\" \/>\n<meta property=\"og:site_name\" content=\"Pedro A. Palma\" \/>\n<meta property=\"article:published_time\" content=\"2015-08-07T22:25:08+00:00\" \/>\n<meta property=\"article:modified_time\" content=\"2015-10-12T22:27:51+00:00\" \/>\n<meta property=\"og:image\" content=\"https:\/\/pedroapalma.com\/site\/wp-content\/uploads\/2015\/10\/Mariaca-Sempr\u00fan.jpg\" \/>\n\t<meta property=\"og:image:width\" content=\"512\" \/>\n\t<meta property=\"og:image:height\" content=\"512\" \/>\n\t<meta property=\"og:image:type\" content=\"image\/jpeg\" \/>\n<meta name=\"author\" content=\"Pedro Palma\" \/>\n<meta name=\"twitter:card\" content=\"summary_large_image\" \/>\n<meta name=\"twitter:label1\" content=\"Escrito por\" \/>\n\t<meta name=\"twitter:data1\" content=\"Pedro Palma\" \/>\n<script type=\"application\/ld+json\" class=\"yoast-schema-graph\">{\"@context\":\"https:\\\/\\\/schema.org\",\"@graph\":[{\"@type\":\"Article\",\"@id\":\"https:\\\/\\\/pedroapalma.com\\\/site\\\/mucho-gusto-con-mariaca-semprun\\\/#article\",\"isPartOf\":{\"@id\":\"https:\\\/\\\/pedroapalma.com\\\/site\\\/mucho-gusto-con-mariaca-semprun\\\/\"},\"author\":{\"name\":\"Pedro Palma\",\"@id\":\"https:\\\/\\\/pedroapalma.com\\\/site\\\/#\\\/schema\\\/person\\\/427852d245d06b78d8491abf8b114228\"},\"headline\":\"Mucho Gusto con Mariaca Sempr\u00fan\",\"datePublished\":\"2015-08-07T22:25:08+00:00\",\"dateModified\":\"2015-10-12T22:27:51+00:00\",\"mainEntityOfPage\":{\"@id\":\"https:\\\/\\\/pedroapalma.com\\\/site\\\/mucho-gusto-con-mariaca-semprun\\\/\"},\"wordCount\":46,\"commentCount\":0,\"image\":{\"@id\":\"https:\\\/\\\/pedroapalma.com\\\/site\\\/mucho-gusto-con-mariaca-semprun\\\/#primaryimage\"},\"thumbnailUrl\":\"https:\\\/\\\/pedroapalma.com\\\/site\\\/wp-content\\\/uploads\\\/2015\\\/10\\\/Mariaca-Sempr\u00fan.jpg\",\"articleSection\":[\"Entrevistas de radio\"],\"inLanguage\":\"es\",\"potentialAction\":[{\"@type\":\"CommentAction\",\"name\":\"Comment\",\"target\":[\"https:\\\/\\\/pedroapalma.com\\\/site\\\/mucho-gusto-con-mariaca-semprun\\\/#respond\"]}]},{\"@type\":\"WebPage\",\"@id\":\"https:\\\/\\\/pedroapalma.com\\\/site\\\/mucho-gusto-con-mariaca-semprun\\\/\",\"url\":\"https:\\\/\\\/pedroapalma.com\\\/site\\\/mucho-gusto-con-mariaca-semprun\\\/\",\"name\":\"Mucho Gusto con Mariaca Sempr\u00fan - Pedro A. Palma\",\"isPartOf\":{\"@id\":\"https:\\\/\\\/pedroapalma.com\\\/site\\\/#website\"},\"primaryImageOfPage\":{\"@id\":\"https:\\\/\\\/pedroapalma.com\\\/site\\\/mucho-gusto-con-mariaca-semprun\\\/#primaryimage\"},\"image\":{\"@id\":\"https:\\\/\\\/pedroapalma.com\\\/site\\\/mucho-gusto-con-mariaca-semprun\\\/#primaryimage\"},\"thumbnailUrl\":\"https:\\\/\\\/pedroapalma.com\\\/site\\\/wp-content\\\/uploads\\\/2015\\\/10\\\/Mariaca-Sempr\u00fan.jpg\",\"datePublished\":\"2015-08-07T22:25:08+00:00\",\"dateModified\":\"2015-10-12T22:27:51+00:00\",\"author\":{\"@id\":\"https:\\\/\\\/pedroapalma.com\\\/site\\\/#\\\/schema\\\/person\\\/427852d245d06b78d8491abf8b114228\"},\"breadcrumb\":{\"@id\":\"https:\\\/\\\/pedroapalma.com\\\/site\\\/mucho-gusto-con-mariaca-semprun\\\/#breadcrumb\"},\"inLanguage\":\"es\",\"potentialAction\":[{\"@type\":\"ReadAction\",\"target\":[\"https:\\\/\\\/pedroapalma.com\\\/site\\\/mucho-gusto-con-mariaca-semprun\\\/\"]}]},{\"@type\":\"ImageObject\",\"inLanguage\":\"es\",\"@id\":\"https:\\\/\\\/pedroapalma.com\\\/site\\\/mucho-gusto-con-mariaca-semprun\\\/#primaryimage\",\"url\":\"https:\\\/\\\/pedroapalma.com\\\/site\\\/wp-content\\\/uploads\\\/2015\\\/10\\\/Mariaca-Sempr\u00fan.jpg\",\"contentUrl\":\"https:\\\/\\\/pedroapalma.com\\\/site\\\/wp-content\\\/uploads\\\/2015\\\/10\\\/Mariaca-Sempr\u00fan.jpg\",\"width\":512,\"height\":512},{\"@type\":\"BreadcrumbList\",\"@id\":\"https:\\\/\\\/pedroapalma.com\\\/site\\\/mucho-gusto-con-mariaca-semprun\\\/#breadcrumb\",\"itemListElement\":[{\"@type\":\"ListItem\",\"position\":1,\"name\":\"Portada\",\"item\":\"https:\\\/\\\/pedroapalma.com\\\/site\\\/\"},{\"@type\":\"ListItem\",\"position\":2,\"name\":\"Mucho Gusto con Mariaca Sempr\u00fan\"}]},{\"@type\":\"WebSite\",\"@id\":\"https:\\\/\\\/pedroapalma.com\\\/site\\\/#website\",\"url\":\"https:\\\/\\\/pedroapalma.com\\\/site\\\/\",\"name\":\"Pedro A. Palma\",\"description\":\"Economista\",\"potentialAction\":[{\"@type\":\"SearchAction\",\"target\":{\"@type\":\"EntryPoint\",\"urlTemplate\":\"https:\\\/\\\/pedroapalma.com\\\/site\\\/?s={search_term_string}\"},\"query-input\":{\"@type\":\"PropertyValueSpecification\",\"valueRequired\":true,\"valueName\":\"search_term_string\"}}],\"inLanguage\":\"es\"},{\"@type\":\"Person\",\"@id\":\"https:\\\/\\\/pedroapalma.com\\\/site\\\/#\\\/schema\\\/person\\\/427852d245d06b78d8491abf8b114228\",\"name\":\"Pedro Palma\",\"image\":{\"@type\":\"ImageObject\",\"inLanguage\":\"es\",\"@id\":\"https:\\\/\\\/secure.gravatar.com\\\/avatar\\\/e3e6fe7f370f6e5b5d306bf869e784b2a608a86ea1106a224f9e2d9db2e43968?s=96&d=mm&r=g\",\"url\":\"https:\\\/\\\/secure.gravatar.com\\\/avatar\\\/e3e6fe7f370f6e5b5d306bf869e784b2a608a86ea1106a224f9e2d9db2e43968?s=96&d=mm&r=g\",\"contentUrl\":\"https:\\\/\\\/secure.gravatar.com\\\/avatar\\\/e3e6fe7f370f6e5b5d306bf869e784b2a608a86ea1106a224f9e2d9db2e43968?s=96&d=mm&r=g\",\"caption\":\"Pedro Palma\"}}]}<\/script>\n<!-- \/ Yoast SEO plugin. -->","yoast_head_json":{"title":"Mucho Gusto con Mariaca Sempr\u00fan - Pedro A. Palma","robots":{"index":"index","follow":"follow","max-snippet":"max-snippet:-1","max-image-preview":"max-image-preview:large","max-video-preview":"max-video-preview:-1"},"canonical":"https:\/\/pedroapalma.com\/site\/mucho-gusto-con-mariaca-semprun\/","og_locale":"es_ES","og_type":"article","og_title":"Mucho Gusto con Mariaca Sempr\u00fan - Pedro A. Palma","og_description":"Programa: Mucho Gusto con Mariaca Sempr\u00fan Fecha: 7 de agosto de 2015 Estaci\u00f3n: Circuito \u00c9xitos FM 99.9 (Caracas) Entrevistador: C\u00e9sar Miguel Rond\u00f3n Informaci\u00f3n: Conversaci\u00f3n con la extraordinaria artista Mariaca Sempr\u00fan http:\/\/goo.gl\/5OYhO5 &nbsp; &nbsp;","og_url":"https:\/\/pedroapalma.com\/site\/mucho-gusto-con-mariaca-semprun\/","og_site_name":"Pedro A. Palma","article_published_time":"2015-08-07T22:25:08+00:00","article_modified_time":"2015-10-12T22:27:51+00:00","og_image":[{"width":512,"height":512,"url":"https:\/\/pedroapalma.com\/site\/wp-content\/uploads\/2015\/10\/Mariaca-Sempr\u00fan.jpg","type":"image\/jpeg"}],"author":"Pedro Palma","twitter_card":"summary_large_image","twitter_misc":{"Escrito por":"Pedro Palma"},"schema":{"@context":"https:\/\/schema.org","@graph":[{"@type":"Article","@id":"https:\/\/pedroapalma.com\/site\/mucho-gusto-con-mariaca-semprun\/#article","isPartOf":{"@id":"https:\/\/pedroapalma.com\/site\/mucho-gusto-con-mariaca-semprun\/"},"author":{"name":"Pedro Palma","@id":"https:\/\/pedroapalma.com\/site\/#\/schema\/person\/427852d245d06b78d8491abf8b114228"},"headline":"Mucho Gusto con Mariaca Sempr\u00fan","datePublished":"2015-08-07T22:25:08+00:00","dateModified":"2015-10-12T22:27:51+00:00","mainEntityOfPage":{"@id":"https:\/\/pedroapalma.com\/site\/mucho-gusto-con-mariaca-semprun\/"},"wordCount":46,"commentCount":0,"image":{"@id":"https:\/\/pedroapalma.com\/site\/mucho-gusto-con-mariaca-semprun\/#primaryimage"},"thumbnailUrl":"https:\/\/pedroapalma.com\/site\/wp-content\/uploads\/2015\/10\/Mariaca-Sempr\u00fan.jpg","articleSection":["Entrevistas de radio"],"inLanguage":"es","potentialAction":[{"@type":"CommentAction","name":"Comment","target":["https:\/\/pedroapalma.com\/site\/mucho-gusto-con-mariaca-semprun\/#respond"]}]},{"@type":"WebPage","@id":"https:\/\/pedroapalma.com\/site\/mucho-gusto-con-mariaca-semprun\/","url":"https:\/\/pedroapalma.com\/site\/mucho-gusto-con-mariaca-semprun\/","name":"Mucho Gusto con Mariaca Sempr\u00fan - Pedro A. Palma","isPartOf":{"@id":"https:\/\/pedroapalma.com\/site\/#website"},"primaryImageOfPage":{"@id":"https:\/\/pedroapalma.com\/site\/mucho-gusto-con-mariaca-semprun\/#primaryimage"},"image":{"@id":"https:\/\/pedroapalma.com\/site\/mucho-gusto-con-mariaca-semprun\/#primaryimage"},"thumbnailUrl":"https:\/\/pedroapalma.com\/site\/wp-content\/uploads\/2015\/10\/Mariaca-Sempr\u00fan.jpg","datePublished":"2015-08-07T22:25:08+00:00","dateModified":"2015-10-12T22:27:51+00:00","author":{"@id":"https:\/\/pedroapalma.com\/site\/#\/schema\/person\/427852d245d06b78d8491abf8b114228"},"breadcrumb":{"@id":"https:\/\/pedroapalma.com\/site\/mucho-gusto-con-mariaca-semprun\/#breadcrumb"},"inLanguage":"es","potentialAction":[{"@type":"ReadAction","target":["https:\/\/pedroapalma.com\/site\/mucho-gusto-con-mariaca-semprun\/"]}]},{"@type":"ImageObject","inLanguage":"es","@id":"https:\/\/pedroapalma.com\/site\/mucho-gusto-con-mariaca-semprun\/#primaryimage","url":"https:\/\/pedroapalma.com\/site\/wp-content\/uploads\/2015\/10\/Mariaca-Sempr\u00fan.jpg","contentUrl":"https:\/\/pedroapalma.com\/site\/wp-content\/uploads\/2015\/10\/Mariaca-Sempr\u00fan.jpg","width":512,"height":512},{"@type":"BreadcrumbList","@id":"https:\/\/pedroapalma.com\/site\/mucho-gusto-con-mariaca-semprun\/#breadcrumb","itemListElement":[{"@type":"ListItem","position":1,"name":"Portada","item":"https:\/\/pedroapalma.com\/site\/"},{"@type":"ListItem","position":2,"name":"Mucho Gusto con Mariaca Sempr\u00fan"}]},{"@type":"WebSite","@id":"https:\/\/pedroapalma.com\/site\/#website","url":"https:\/\/pedroapalma.com\/site\/","name":"Pedro A. Palma","description":"Economista","potentialAction":[{"@type":"SearchAction","target":{"@type":"EntryPoint","urlTemplate":"https:\/\/pedroapalma.com\/site\/?s={search_term_string}"},"query-input":{"@type":"PropertyValueSpecification","valueRequired":true,"valueName":"search_term_string"}}],"inLanguage":"es"},{"@type":"Person","@id":"https:\/\/pedroapalma.com\/site\/#\/schema\/person\/427852d245d06b78d8491abf8b114228","name":"Pedro Palma","image":{"@type":"ImageObject","inLanguage":"es","@id":"https:\/\/secure.gravatar.com\/avatar\/e3e6fe7f370f6e5b5d306bf869e784b2a608a86ea1106a224f9e2d9db2e43968?s=96&d=mm&r=g","url":"https:\/\/secure.gravatar.com\/avatar\/e3e6fe7f370f6e5b5d306bf869e784b2a608a86ea1106a224f9e2d9db2e43968?s=96&d=mm&r=g","contentUrl":"https:\/\/secure.gravatar.com\/avatar\/e3e6fe7f370f6e5b5d306bf869e784b2a608a86ea1106a224f9e2d9db2e43968?s=96&d=mm&r=g","caption":"Pedro Palma"}}]}},"_links":{"self":[{"href":"https:\/\/pedroapalma.com\/site\/wp-json\/wp\/v2\/posts\/251","targetHints":{"allow":["GET"]}}],"collection":[{"href":"https:\/\/pedroapalma.com\/site\/wp-json\/wp\/v2\/posts"}],"about":[{"href":"https:\/\/pedroapalma.com\/site\/wp-json\/wp\/v2\/types\/post"}],"author":[{"embeddable":true,"href":"https:\/\/pedroapalma.com\/site\/wp-json\/wp\/v2\/users\/2"}],"replies":[{"embeddable":true,"href":"https:\/\/pedroapalma.com\/site\/wp-json\/wp\/v2\/comments?post=251"}],"version-history":[{"count":1,"href":"https:\/\/pedroapalma.com\/site\/wp-json\/wp\/v2\/posts\/251\/revisions"}],"predecessor-version":[{"id":254,"href":"https:\/\/pedroapalma.com\/site\/wp-json\/wp\/v2\/posts\/251\/revisions\/254"}],"wp:featuredmedia":[{"embeddable":true,"href":"https:\/\/pedroapalma.com\/site\/wp-json\/wp\/v2\/media\/253"}],"wp:attachment":[{"href":"https:\/\/pedroapalma.com\/site\/wp-json\/wp\/v2\/media?parent=251"}],"wp:term":[{"taxonomy":"category","embeddable":true,"href":"https:\/\/pedroapalma.com\/site\/wp-json\/wp\/v2\/categories?post=251"},{"taxonomy":"post_tag","embeddable":true,"href":"https:\/\/pedroapalma.com\/site\/wp-json\/wp\/v2\/tags?post=251"}],"curies":[{"name":"wp","href":"https:\/\/api.w.org\/{rel}","templated":true}]}}