{"id":2069,"date":"1999-07-02T13:22:31","date_gmt":"1999-07-02T13:22:31","guid":{"rendered":"http:\/\/www.tmsdesarrolladores.com\/pedropalma\/?p=2069"},"modified":"2016-06-24T13:46:28","modified_gmt":"2016-06-24T13:46:28","slug":"prestaciones-retroactivas","status":"publish","type":"post","link":"https:\/\/pedroapalma.com\/site\/prestaciones-retroactivas\/","title":{"rendered":"Prestaciones retroactivas"},"content":{"rendered":"<p>Publicado en el diario \u201cEl Universal\u201d de Caracas. 2 de julio de 1999<\/p>\n<p>&nbsp;<\/p>\n<p>En recientes declaraciones, el ministro del Trabajo ha hecho reiterados pronun\u00adciamientos en contra de la medida tomada a mediados de 1997 de eliminar la retroactivi\u00addad de las prestaciones sociales, debi\u00e9ndose inferir de esas declaraciones que la actual administraci\u00f3n est\u00e1 considerando restituir aquella retroactividad.\u00a0 De ser este el caso se cometer\u00eda un grave error, cuyas principales v\u00edctimas ser\u00edan precisamente los trabajadores a quienes se pretende beneficiar con una acci\u00f3n de este tipo.<\/p>\n<p>La raz\u00f3n por la que digo esto se basa en el penoso proceso de empobrecimiento que sufrieron los venezolanos durante los \u00faltimos a\u00f1os, en parte debido al esquema de prestaciones sociales retroactivas y acumulativas vigentes hasta hace unos pocos meses.\u00a0 Paso a explicar por qu\u00e9 llego a esa conclusi\u00f3n.<\/p>\n<p>Ese mecanismo funcion\u00f3 muy bien durante varias d\u00e9cadas, cuando la inflaci\u00f3n que se padec\u00eda en Venezuela era de las m\u00e1s bajas del mundo.\u00a0 En esa oportunidad incre\u00admentos anuales de salarios de 4% o 5% eran considerados aceptables, ya que los mismos no s\u00f3lo compensaban la inflaci\u00f3n de 1,5% o 2%, sino que adicionalmente generaban un incremento del poder adquisitivo del trabajador.\u00a0 Entonces se hac\u00eda perfectamente mane\u00adjable la retroactividad y acumulaci\u00f3n de las prestaciones, ya que el incremento anual de los pasivos laborales de las empresas por este concepto era razonable, y por lo tanto ab\u00adsorbible sin mayores consecuencias.<\/p>\n<p>Sin embargo, el sostenido proceso inflacionario de los \u00faltimos 25 a\u00f1os hizo que r\u00e1pidamente aquel esquema perdiera vigencia y dejara de ser operativo.\u00a0 Despu\u00e9s de padecerse una inflaci\u00f3n anual promedio de 7% en la segunda mitad de los a\u00f1os 70 y de 13% en la primera mitad de los 80, en los \u00faltimos 12 a\u00f1os los precios a nivel de consu\u00admidor han aumentado en promedio un 48% por a\u00f1o, observ\u00e1ndose picos superiores al 80% y al 100% en 1989 y 1996 respectivamente.\u00a0 Si durante ese lapso los salarios hubie\u00adsen aumentado a un ritmo similar al de los precios, los pasivos laborales por concepto de prestaciones sociales habr\u00edan alcanzado unos niveles astron\u00f3micos, no s\u00f3lo a nivel de las empresas privadas sino tambi\u00e9n del sector p\u00fablico, ya que aquellas prestaciones se cal\u00adculaban en base al \u00faltimo salario percibido.\u00a0 La situaci\u00f3n se habr\u00eda agravado a\u00fan m\u00e1s por el mandato legal de pagar intereses sobre los saldos deudores de las prestaciones acumuladas, y por la pr\u00e1ctica cada vez m\u00e1s generalizada de las prestaciones dobles.\u00a0 Esto habr\u00eda llevado a la quiebra a m\u00faltiples empresas, gener\u00e1ndose un desempleo masivo y un est\u00edmulo notable al florecimiento de la econom\u00eda en cubierto, donde los trabajadores estar\u00edan en total desprevenci\u00f3n.<\/p>\n<p>Lo anterior explica por qu\u00e9 durante los \u00faltimos a\u00f1os los ajustes salariales se divorciaron totalmente de la inflaci\u00f3n, produci\u00e9ndose una situaci\u00f3n que gr\u00e1ficamente la podr\u00edamos describir como una donde los salarios sub\u00edan por la escalera mientras que los precios lo hac\u00edan por el ascensor.\u00a0 Esto, obviamente, produjo una ca\u00edda dram\u00e1tica del salario real que no pudo ser compensada por los m\u00faltiples artificios de complementaci\u00f3n salarial, tales como cupones de consumo, bonos de todo tipo, cestas de productos b\u00e1sicos y muchos otros que entonces se pusieron en pr\u00e1ctica.<\/p>\n<p>De all\u00ed la inaplazable necesidad de substituir aquel esquema caduco e inoperante de las prestaciones sociales acumulativas y retroactivas que efectos tan devastadores estaba causando, particularmente sobre la masa laboral.\u00a0\u00a0 Finalmente, aunque en forma muy tard\u00eda, se tom\u00f3 la decisi\u00f3n en 1998.<\/p>\n<p>Restituir la retroactividad de las prestaciones sociales ser\u00eda un error descomunal, ya que una decisi\u00f3n de este tipo, adem\u00e1s de causar efectos muy adversos sobre las finan\u00adzas p\u00fablicas y sobre las empresas que sinceraron los salarios de sus trabajadores despu\u00e9s de eliminarse aquella retroactividad, a quien m\u00e1s afectar\u00eda ser\u00eda a la golpeada y empobre\u00adcida masa laboral venezolana.<\/p>\n<p>&nbsp;<\/p>\n<p>Imagen: <span class=\"_r3\"><span class=\"irc_ho\" dir=\"ltr\">ivss-segurosocial.com.ve<\/span><\/span><\/p>\n","protected":false},"excerpt":{"rendered":"<p>Sobre la eventual reinstauraci\u00f3n de la retroactividad de las prestaciones sociales planteada en 1999, despu\u00e9s de su eliminaci\u00f3n el a\u00f1o 1997, y los efectos que ello podr\u00eda acarrear<\/p>\n","protected":false},"author":3,"featured_media":2075,"comment_status":"open","ping_status":"open","sticky":false,"template":"","format":"standard","meta":{"footnotes":""},"categories":[14,25,17,11],"tags":[107,61,655,654,653],"class_list":["post-2069","post","type-post","status-publish","format-standard","has-post-thumbnail","hentry","category-articulos-de-opinion","category-aspectos-sociales","category-economia-venezolana","category-opinion","tag-aspectos-sociales","tag-economia-venezolana","tag-prestaciones","tag-prestaciones-retroactivas","tag-prestaciones-sociales-retroactivas"],"yoast_head":"<!-- This site is optimized with the Yoast SEO plugin v27.4 - https:\/\/yoast.com\/product\/yoast-seo-wordpress\/ -->\n<title>Prestaciones retroactivas - Pedro A. Palma<\/title>\n<meta name=\"robots\" content=\"index, follow, max-snippet:-1, max-image-preview:large, max-video-preview:-1\" \/>\n<link rel=\"canonical\" href=\"https:\/\/pedroapalma.com\/site\/prestaciones-retroactivas\/\" \/>\n<meta property=\"og:locale\" content=\"es_ES\" \/>\n<meta property=\"og:type\" content=\"article\" \/>\n<meta property=\"og:title\" content=\"Prestaciones retroactivas - Pedro A. Palma\" \/>\n<meta property=\"og:description\" content=\"Sobre la eventual reinstauraci\u00f3n de la retroactividad de las prestaciones sociales planteada en 1999, despu\u00e9s de su eliminaci\u00f3n el a\u00f1o 1997, y los efectos que ello podr\u00eda acarrear\" \/>\n<meta property=\"og:url\" content=\"https:\/\/pedroapalma.com\/site\/prestaciones-retroactivas\/\" \/>\n<meta property=\"og:site_name\" content=\"Pedro A. Palma\" \/>\n<meta property=\"article:published_time\" content=\"1999-07-02T13:22:31+00:00\" \/>\n<meta property=\"article:modified_time\" content=\"2016-06-24T13:46:28+00:00\" \/>\n<meta property=\"og:image\" content=\"https:\/\/pedroapalma.com\/site\/wp-content\/uploads\/2016\/06\/denuncia-IVSS.jpg\" \/>\n\t<meta property=\"og:image:width\" content=\"1200\" \/>\n\t<meta property=\"og:image:height\" content=\"800\" \/>\n\t<meta property=\"og:image:type\" content=\"image\/jpeg\" \/>\n<meta name=\"author\" content=\"Mariel Torres\" \/>\n<meta name=\"twitter:card\" content=\"summary_large_image\" \/>\n<meta name=\"twitter:label1\" content=\"Escrito por\" \/>\n\t<meta name=\"twitter:data1\" content=\"Mariel Torres\" \/>\n\t<meta name=\"twitter:label2\" content=\"Tiempo de lectura\" \/>\n\t<meta name=\"twitter:data2\" content=\"3 minutos\" \/>\n<script type=\"application\/ld+json\" class=\"yoast-schema-graph\">{\"@context\":\"https:\\\/\\\/schema.org\",\"@graph\":[{\"@type\":\"Article\",\"@id\":\"https:\\\/\\\/pedroapalma.com\\\/site\\\/prestaciones-retroactivas\\\/#article\",\"isPartOf\":{\"@id\":\"https:\\\/\\\/pedroapalma.com\\\/site\\\/prestaciones-retroactivas\\\/\"},\"author\":{\"name\":\"Mariel Torres\",\"@id\":\"https:\\\/\\\/pedroapalma.com\\\/site\\\/#\\\/schema\\\/person\\\/4a9b45ec462a5c230e4a639a0c256866\"},\"headline\":\"Prestaciones retroactivas\",\"datePublished\":\"1999-07-02T13:22:31+00:00\",\"dateModified\":\"2016-06-24T13:46:28+00:00\",\"mainEntityOfPage\":{\"@id\":\"https:\\\/\\\/pedroapalma.com\\\/site\\\/prestaciones-retroactivas\\\/\"},\"wordCount\":684,\"commentCount\":0,\"image\":{\"@id\":\"https:\\\/\\\/pedroapalma.com\\\/site\\\/prestaciones-retroactivas\\\/#primaryimage\"},\"thumbnailUrl\":\"https:\\\/\\\/pedroapalma.com\\\/site\\\/wp-content\\\/uploads\\\/2016\\\/06\\\/denuncia-IVSS.jpg\",\"keywords\":[\"Aspectos sociales\",\"Econom\u00eda venezolana\",\"Prestaciones\",\"Prestaciones retroactivas\",\"Prestaciones sociales retroactivas\"],\"articleSection\":[\"Art\u00edculos de opini\u00f3n\",\"Aspectos sociales\",\"Econom\u00eda venezolana\",\"Opini\u00f3n\"],\"inLanguage\":\"es\",\"potentialAction\":[{\"@type\":\"CommentAction\",\"name\":\"Comment\",\"target\":[\"https:\\\/\\\/pedroapalma.com\\\/site\\\/prestaciones-retroactivas\\\/#respond\"]}]},{\"@type\":\"WebPage\",\"@id\":\"https:\\\/\\\/pedroapalma.com\\\/site\\\/prestaciones-retroactivas\\\/\",\"url\":\"https:\\\/\\\/pedroapalma.com\\\/site\\\/prestaciones-retroactivas\\\/\",\"name\":\"Prestaciones retroactivas - Pedro A. Palma\",\"isPartOf\":{\"@id\":\"https:\\\/\\\/pedroapalma.com\\\/site\\\/#website\"},\"primaryImageOfPage\":{\"@id\":\"https:\\\/\\\/pedroapalma.com\\\/site\\\/prestaciones-retroactivas\\\/#primaryimage\"},\"image\":{\"@id\":\"https:\\\/\\\/pedroapalma.com\\\/site\\\/prestaciones-retroactivas\\\/#primaryimage\"},\"thumbnailUrl\":\"https:\\\/\\\/pedroapalma.com\\\/site\\\/wp-content\\\/uploads\\\/2016\\\/06\\\/denuncia-IVSS.jpg\",\"datePublished\":\"1999-07-02T13:22:31+00:00\",\"dateModified\":\"2016-06-24T13:46:28+00:00\",\"author\":{\"@id\":\"https:\\\/\\\/pedroapalma.com\\\/site\\\/#\\\/schema\\\/person\\\/4a9b45ec462a5c230e4a639a0c256866\"},\"breadcrumb\":{\"@id\":\"https:\\\/\\\/pedroapalma.com\\\/site\\\/prestaciones-retroactivas\\\/#breadcrumb\"},\"inLanguage\":\"es\",\"potentialAction\":[{\"@type\":\"ReadAction\",\"target\":[\"https:\\\/\\\/pedroapalma.com\\\/site\\\/prestaciones-retroactivas\\\/\"]}]},{\"@type\":\"ImageObject\",\"inLanguage\":\"es\",\"@id\":\"https:\\\/\\\/pedroapalma.com\\\/site\\\/prestaciones-retroactivas\\\/#primaryimage\",\"url\":\"https:\\\/\\\/pedroapalma.com\\\/site\\\/wp-content\\\/uploads\\\/2016\\\/06\\\/denuncia-IVSS.jpg\",\"contentUrl\":\"https:\\\/\\\/pedroapalma.com\\\/site\\\/wp-content\\\/uploads\\\/2016\\\/06\\\/denuncia-IVSS.jpg\",\"width\":1200,\"height\":800},{\"@type\":\"BreadcrumbList\",\"@id\":\"https:\\\/\\\/pedroapalma.com\\\/site\\\/prestaciones-retroactivas\\\/#breadcrumb\",\"itemListElement\":[{\"@type\":\"ListItem\",\"position\":1,\"name\":\"Portada\",\"item\":\"https:\\\/\\\/pedroapalma.com\\\/site\\\/\"},{\"@type\":\"ListItem\",\"position\":2,\"name\":\"Prestaciones retroactivas\"}]},{\"@type\":\"WebSite\",\"@id\":\"https:\\\/\\\/pedroapalma.com\\\/site\\\/#website\",\"url\":\"https:\\\/\\\/pedroapalma.com\\\/site\\\/\",\"name\":\"Pedro A. Palma\",\"description\":\"Economista\",\"potentialAction\":[{\"@type\":\"SearchAction\",\"target\":{\"@type\":\"EntryPoint\",\"urlTemplate\":\"https:\\\/\\\/pedroapalma.com\\\/site\\\/?s={search_term_string}\"},\"query-input\":{\"@type\":\"PropertyValueSpecification\",\"valueRequired\":true,\"valueName\":\"search_term_string\"}}],\"inLanguage\":\"es\"},{\"@type\":\"Person\",\"@id\":\"https:\\\/\\\/pedroapalma.com\\\/site\\\/#\\\/schema\\\/person\\\/4a9b45ec462a5c230e4a639a0c256866\",\"name\":\"Mariel Torres\",\"image\":{\"@type\":\"ImageObject\",\"inLanguage\":\"es\",\"@id\":\"https:\\\/\\\/secure.gravatar.com\\\/avatar\\\/e40c6e09d294639f65ccda3de6d4aa34ba9ad132fc2f2f2295ba9d668b065c25?s=96&d=mm&r=g\",\"url\":\"https:\\\/\\\/secure.gravatar.com\\\/avatar\\\/e40c6e09d294639f65ccda3de6d4aa34ba9ad132fc2f2f2295ba9d668b065c25?s=96&d=mm&r=g\",\"contentUrl\":\"https:\\\/\\\/secure.gravatar.com\\\/avatar\\\/e40c6e09d294639f65ccda3de6d4aa34ba9ad132fc2f2f2295ba9d668b065c25?s=96&d=mm&r=g\",\"caption\":\"Mariel Torres\"}}]}<\/script>\n<!-- \/ Yoast SEO plugin. -->","yoast_head_json":{"title":"Prestaciones retroactivas - Pedro A. Palma","robots":{"index":"index","follow":"follow","max-snippet":"max-snippet:-1","max-image-preview":"max-image-preview:large","max-video-preview":"max-video-preview:-1"},"canonical":"https:\/\/pedroapalma.com\/site\/prestaciones-retroactivas\/","og_locale":"es_ES","og_type":"article","og_title":"Prestaciones retroactivas - Pedro A. Palma","og_description":"Sobre la eventual reinstauraci\u00f3n de la retroactividad de las prestaciones sociales planteada en 1999, despu\u00e9s de su eliminaci\u00f3n el a\u00f1o 1997, y los efectos que ello podr\u00eda acarrear","og_url":"https:\/\/pedroapalma.com\/site\/prestaciones-retroactivas\/","og_site_name":"Pedro A. Palma","article_published_time":"1999-07-02T13:22:31+00:00","article_modified_time":"2016-06-24T13:46:28+00:00","og_image":[{"width":1200,"height":800,"url":"https:\/\/pedroapalma.com\/site\/wp-content\/uploads\/2016\/06\/denuncia-IVSS.jpg","type":"image\/jpeg"}],"author":"Mariel Torres","twitter_card":"summary_large_image","twitter_misc":{"Escrito por":"Mariel Torres","Tiempo de lectura":"3 minutos"},"schema":{"@context":"https:\/\/schema.org","@graph":[{"@type":"Article","@id":"https:\/\/pedroapalma.com\/site\/prestaciones-retroactivas\/#article","isPartOf":{"@id":"https:\/\/pedroapalma.com\/site\/prestaciones-retroactivas\/"},"author":{"name":"Mariel Torres","@id":"https:\/\/pedroapalma.com\/site\/#\/schema\/person\/4a9b45ec462a5c230e4a639a0c256866"},"headline":"Prestaciones retroactivas","datePublished":"1999-07-02T13:22:31+00:00","dateModified":"2016-06-24T13:46:28+00:00","mainEntityOfPage":{"@id":"https:\/\/pedroapalma.com\/site\/prestaciones-retroactivas\/"},"wordCount":684,"commentCount":0,"image":{"@id":"https:\/\/pedroapalma.com\/site\/prestaciones-retroactivas\/#primaryimage"},"thumbnailUrl":"https:\/\/pedroapalma.com\/site\/wp-content\/uploads\/2016\/06\/denuncia-IVSS.jpg","keywords":["Aspectos sociales","Econom\u00eda venezolana","Prestaciones","Prestaciones retroactivas","Prestaciones sociales retroactivas"],"articleSection":["Art\u00edculos de opini\u00f3n","Aspectos sociales","Econom\u00eda venezolana","Opini\u00f3n"],"inLanguage":"es","potentialAction":[{"@type":"CommentAction","name":"Comment","target":["https:\/\/pedroapalma.com\/site\/prestaciones-retroactivas\/#respond"]}]},{"@type":"WebPage","@id":"https:\/\/pedroapalma.com\/site\/prestaciones-retroactivas\/","url":"https:\/\/pedroapalma.com\/site\/prestaciones-retroactivas\/","name":"Prestaciones retroactivas - Pedro A. Palma","isPartOf":{"@id":"https:\/\/pedroapalma.com\/site\/#website"},"primaryImageOfPage":{"@id":"https:\/\/pedroapalma.com\/site\/prestaciones-retroactivas\/#primaryimage"},"image":{"@id":"https:\/\/pedroapalma.com\/site\/prestaciones-retroactivas\/#primaryimage"},"thumbnailUrl":"https:\/\/pedroapalma.com\/site\/wp-content\/uploads\/2016\/06\/denuncia-IVSS.jpg","datePublished":"1999-07-02T13:22:31+00:00","dateModified":"2016-06-24T13:46:28+00:00","author":{"@id":"https:\/\/pedroapalma.com\/site\/#\/schema\/person\/4a9b45ec462a5c230e4a639a0c256866"},"breadcrumb":{"@id":"https:\/\/pedroapalma.com\/site\/prestaciones-retroactivas\/#breadcrumb"},"inLanguage":"es","potentialAction":[{"@type":"ReadAction","target":["https:\/\/pedroapalma.com\/site\/prestaciones-retroactivas\/"]}]},{"@type":"ImageObject","inLanguage":"es","@id":"https:\/\/pedroapalma.com\/site\/prestaciones-retroactivas\/#primaryimage","url":"https:\/\/pedroapalma.com\/site\/wp-content\/uploads\/2016\/06\/denuncia-IVSS.jpg","contentUrl":"https:\/\/pedroapalma.com\/site\/wp-content\/uploads\/2016\/06\/denuncia-IVSS.jpg","width":1200,"height":800},{"@type":"BreadcrumbList","@id":"https:\/\/pedroapalma.com\/site\/prestaciones-retroactivas\/#breadcrumb","itemListElement":[{"@type":"ListItem","position":1,"name":"Portada","item":"https:\/\/pedroapalma.com\/site\/"},{"@type":"ListItem","position":2,"name":"Prestaciones retroactivas"}]},{"@type":"WebSite","@id":"https:\/\/pedroapalma.com\/site\/#website","url":"https:\/\/pedroapalma.com\/site\/","name":"Pedro A. Palma","description":"Economista","potentialAction":[{"@type":"SearchAction","target":{"@type":"EntryPoint","urlTemplate":"https:\/\/pedroapalma.com\/site\/?s={search_term_string}"},"query-input":{"@type":"PropertyValueSpecification","valueRequired":true,"valueName":"search_term_string"}}],"inLanguage":"es"},{"@type":"Person","@id":"https:\/\/pedroapalma.com\/site\/#\/schema\/person\/4a9b45ec462a5c230e4a639a0c256866","name":"Mariel Torres","image":{"@type":"ImageObject","inLanguage":"es","@id":"https:\/\/secure.gravatar.com\/avatar\/e40c6e09d294639f65ccda3de6d4aa34ba9ad132fc2f2f2295ba9d668b065c25?s=96&d=mm&r=g","url":"https:\/\/secure.gravatar.com\/avatar\/e40c6e09d294639f65ccda3de6d4aa34ba9ad132fc2f2f2295ba9d668b065c25?s=96&d=mm&r=g","contentUrl":"https:\/\/secure.gravatar.com\/avatar\/e40c6e09d294639f65ccda3de6d4aa34ba9ad132fc2f2f2295ba9d668b065c25?s=96&d=mm&r=g","caption":"Mariel Torres"}}]}},"_links":{"self":[{"href":"https:\/\/pedroapalma.com\/site\/wp-json\/wp\/v2\/posts\/2069","targetHints":{"allow":["GET"]}}],"collection":[{"href":"https:\/\/pedroapalma.com\/site\/wp-json\/wp\/v2\/posts"}],"about":[{"href":"https:\/\/pedroapalma.com\/site\/wp-json\/wp\/v2\/types\/post"}],"author":[{"embeddable":true,"href":"https:\/\/pedroapalma.com\/site\/wp-json\/wp\/v2\/users\/3"}],"replies":[{"embeddable":true,"href":"https:\/\/pedroapalma.com\/site\/wp-json\/wp\/v2\/comments?post=2069"}],"version-history":[{"count":1,"href":"https:\/\/pedroapalma.com\/site\/wp-json\/wp\/v2\/posts\/2069\/revisions"}],"predecessor-version":[{"id":2076,"href":"https:\/\/pedroapalma.com\/site\/wp-json\/wp\/v2\/posts\/2069\/revisions\/2076"}],"wp:featuredmedia":[{"embeddable":true,"href":"https:\/\/pedroapalma.com\/site\/wp-json\/wp\/v2\/media\/2075"}],"wp:attachment":[{"href":"https:\/\/pedroapalma.com\/site\/wp-json\/wp\/v2\/media?parent=2069"}],"wp:term":[{"taxonomy":"category","embeddable":true,"href":"https:\/\/pedroapalma.com\/site\/wp-json\/wp\/v2\/categories?post=2069"},{"taxonomy":"post_tag","embeddable":true,"href":"https:\/\/pedroapalma.com\/site\/wp-json\/wp\/v2\/tags?post=2069"}],"curies":[{"name":"wp","href":"https:\/\/api.w.org\/{rel}","templated":true}]}}