{"id":1925,"date":"2006-04-15T20:55:08","date_gmt":"2006-04-15T20:55:08","guid":{"rendered":"http:\/\/www.tmsdesarrolladores.com\/pedropalma\/?p=1925"},"modified":"2016-06-14T21:53:16","modified_gmt":"2016-06-14T21:53:16","slug":"nuevos-despidos-petroleros","status":"publish","type":"post","link":"https:\/\/pedroapalma.com\/site\/nuevos-despidos-petroleros\/","title":{"rendered":"Nuevos despidos petroleros"},"content":{"rendered":"<p>Publicado en el diario \u201cEl Universal\u201d de Caracas. S\u00e1bado 15 de abril de 2006<\/p>\n<p>&nbsp;<\/p>\n<p>Entre las noticias que hemos le\u00eddo recientemente a ra\u00edz de la formaci\u00f3n de las empresas mixtas entre PDVSA y la mayor\u00eda de las compa\u00f1\u00edas privadasque hasta hace poco funcionaban bajo el esquema de los convenios operativos, llamaron mi atenci\u00f3n aquellas referidas a los despidos de que ser\u00e1n, o est\u00e1n siendo, v\u00edctimas los gerentes y t\u00e9cnicos que fueron expulsados de PDVSA en 2003, y que ulteriormente fueron contratados por esascorporaciones privadas.<\/p>\n<p>Aparte de la sa\u00f1a impl\u00edcita en medidas de este tipo, donde lo que se busca es seguir acosando sin contemplaciones a un grupo de compatriotas que ya han sido v\u00edctimas de despojos y violaciones, en la mayor\u00eda de los casos por razones puramente ideol\u00f3gicas o sectarias, preocupa la ligereza con que se estar\u00edan tomando ahora estas decisiones.<\/p>\n<p>Era obvio que el despido de m\u00e1s de 18.000 gerentes y t\u00e9cnicos que representaban toda una historia de formaci\u00f3n, m\u00edstica y excelencia en nuestra industria bandera iba a tener efectos muy negativos, como en realidad sucedi\u00f3. Para sustentar lo que digo, basta decir que el volumen de crudos que hoy produce PDVSA por iniciativa propia equivale a tan s\u00f3lo un 60% de lo que produc\u00eda a mediados de los a\u00f1os 90, cuando se inici\u00f3 la apertura petrolera, y de no ser por los crecientes aportes que han hecho durante los \u00faltimos a\u00f1os la corporaciones privadas que han participado en los convenios operativos o en las asociaciones estrat\u00e9gicas en la faja del Orinoco, el volumen de crudos que hoy estar\u00edamos produciendo ser\u00eda muy inferior a los 2 millones de barriles diarios.<\/p>\n<p>Se ha anunciado un plan para incrementar la producci\u00f3n a cerca de 6 millones de barriles diarios en tan s\u00f3lo 7 a\u00f1os. Lograr esa meta no s\u00f3lo implicar\u00e1 la realizaci\u00f3n de cuantios\u00edsimas inversiones quesobrepasan la capacidad financiera de PDVSA, sino tambi\u00e9n contar con m\u00faltiples recursos que en buena medida hay que formar.<\/p>\n<p>El incumplimiento de contratos acordados con socios estrat\u00e9gicos, los cambios en las reglas de juego y la incertidumbre jur\u00eddica que impera en el pa\u00eds, as\u00ed como la obstinada actitud de excluir del manejo de la industria al valioso recurso humano que se form\u00f3 a lo largo de tantos a\u00f1os, hacen dudar de la viabilidad de aquellos ambiciosos objetivos. Mientras se pretenda manejar una industria tan t\u00e9cnica y compleja con criterios pol\u00edticos, o revolucionarios, si se quiere, magros ser\u00e1n los resultados que de ella se obtengan.<\/p>\n<p>&nbsp;<\/p>\n<p>&nbsp;<\/p>\n<p>Imagen:\u00a0<span class=\"irc_ho\" dir=\"ltr\">larazon.net<\/span><\/p>\n","protected":false},"excerpt":{"rendered":"<p>Sobre el anuncio de despido de los ex gerentes y t\u00e9cnicos de PDVSA de las nuevas empresas mixtas y sus consecuencias sobre la industria petrolera nacional<\/p>\n","protected":false},"author":3,"featured_media":1932,"comment_status":"open","ping_status":"open","sticky":false,"template":"","format":"standard","meta":{"footnotes":""},"categories":[14,17,11,23,22],"tags":[595,594,61,80,32,112],"class_list":["post-1925","post","type-post","status-publish","format-standard","has-post-thumbnail","hentry","category-articulos-de-opinion","category-economia-venezolana","category-opinion","category-petroleo","category-politica-economica","tag-despidos","tag-despidos-de-ex-empleados-de-pdvsa","tag-economia-venezolana","tag-pdvsa","tag-petroleo","tag-politica-economica"],"yoast_head":"<!-- This site is optimized with the Yoast SEO plugin v27.4 - https:\/\/yoast.com\/product\/yoast-seo-wordpress\/ -->\n<title>Nuevos despidos petroleros - Pedro A. Palma<\/title>\n<meta name=\"robots\" content=\"index, follow, max-snippet:-1, max-image-preview:large, max-video-preview:-1\" \/>\n<link rel=\"canonical\" href=\"https:\/\/pedroapalma.com\/site\/nuevos-despidos-petroleros\/\" \/>\n<meta property=\"og:locale\" content=\"es_ES\" \/>\n<meta property=\"og:type\" content=\"article\" \/>\n<meta property=\"og:title\" content=\"Nuevos despidos petroleros - Pedro A. Palma\" \/>\n<meta property=\"og:description\" content=\"Sobre el anuncio de despido de los ex gerentes y t\u00e9cnicos de PDVSA de las nuevas empresas mixtas y sus consecuencias sobre la industria petrolera nacional\" \/>\n<meta property=\"og:url\" content=\"https:\/\/pedroapalma.com\/site\/nuevos-despidos-petroleros\/\" \/>\n<meta property=\"og:site_name\" content=\"Pedro A. Palma\" \/>\n<meta property=\"article:published_time\" content=\"2006-04-15T20:55:08+00:00\" \/>\n<meta property=\"article:modified_time\" content=\"2016-06-14T21:53:16+00:00\" \/>\n<meta property=\"og:image\" content=\"https:\/\/pedroapalma.com\/site\/wp-content\/uploads\/2016\/06\/PDVSA-1.jpg\" \/>\n\t<meta property=\"og:image:width\" content=\"1432\" \/>\n\t<meta property=\"og:image:height\" content=\"1072\" \/>\n\t<meta property=\"og:image:type\" content=\"image\/jpeg\" \/>\n<meta name=\"author\" content=\"Mariel Torres\" \/>\n<meta name=\"twitter:card\" content=\"summary_large_image\" \/>\n<meta name=\"twitter:label1\" content=\"Escrito por\" \/>\n\t<meta name=\"twitter:data1\" content=\"Mariel Torres\" \/>\n\t<meta name=\"twitter:label2\" content=\"Tiempo de lectura\" \/>\n\t<meta name=\"twitter:data2\" content=\"2 minutos\" \/>\n<script type=\"application\/ld+json\" class=\"yoast-schema-graph\">{\"@context\":\"https:\\\/\\\/schema.org\",\"@graph\":[{\"@type\":\"Article\",\"@id\":\"https:\\\/\\\/pedroapalma.com\\\/site\\\/nuevos-despidos-petroleros\\\/#article\",\"isPartOf\":{\"@id\":\"https:\\\/\\\/pedroapalma.com\\\/site\\\/nuevos-despidos-petroleros\\\/\"},\"author\":{\"name\":\"Mariel Torres\",\"@id\":\"https:\\\/\\\/pedroapalma.com\\\/site\\\/#\\\/schema\\\/person\\\/4a9b45ec462a5c230e4a639a0c256866\"},\"headline\":\"Nuevos despidos petroleros\",\"datePublished\":\"2006-04-15T20:55:08+00:00\",\"dateModified\":\"2016-06-14T21:53:16+00:00\",\"mainEntityOfPage\":{\"@id\":\"https:\\\/\\\/pedroapalma.com\\\/site\\\/nuevos-despidos-petroleros\\\/\"},\"wordCount\":451,\"commentCount\":0,\"image\":{\"@id\":\"https:\\\/\\\/pedroapalma.com\\\/site\\\/nuevos-despidos-petroleros\\\/#primaryimage\"},\"thumbnailUrl\":\"https:\\\/\\\/pedroapalma.com\\\/site\\\/wp-content\\\/uploads\\\/2016\\\/06\\\/PDVSA-1.jpg\",\"keywords\":[\"Despidos\",\"Despidos de ex empleados de Pdvsa\",\"Econom\u00eda venezolana\",\"Pdvsa\",\"Petr\u00f3leo\",\"Pol\u00edtica Econ\u00f3mica\"],\"articleSection\":[\"Art\u00edculos de opini\u00f3n\",\"Econom\u00eda venezolana\",\"Opini\u00f3n\",\"Petr\u00f3leo\",\"Pol\u00edtica econ\u00f3mica\"],\"inLanguage\":\"es\",\"potentialAction\":[{\"@type\":\"CommentAction\",\"name\":\"Comment\",\"target\":[\"https:\\\/\\\/pedroapalma.com\\\/site\\\/nuevos-despidos-petroleros\\\/#respond\"]}]},{\"@type\":\"WebPage\",\"@id\":\"https:\\\/\\\/pedroapalma.com\\\/site\\\/nuevos-despidos-petroleros\\\/\",\"url\":\"https:\\\/\\\/pedroapalma.com\\\/site\\\/nuevos-despidos-petroleros\\\/\",\"name\":\"Nuevos despidos petroleros - Pedro A. Palma\",\"isPartOf\":{\"@id\":\"https:\\\/\\\/pedroapalma.com\\\/site\\\/#website\"},\"primaryImageOfPage\":{\"@id\":\"https:\\\/\\\/pedroapalma.com\\\/site\\\/nuevos-despidos-petroleros\\\/#primaryimage\"},\"image\":{\"@id\":\"https:\\\/\\\/pedroapalma.com\\\/site\\\/nuevos-despidos-petroleros\\\/#primaryimage\"},\"thumbnailUrl\":\"https:\\\/\\\/pedroapalma.com\\\/site\\\/wp-content\\\/uploads\\\/2016\\\/06\\\/PDVSA-1.jpg\",\"datePublished\":\"2006-04-15T20:55:08+00:00\",\"dateModified\":\"2016-06-14T21:53:16+00:00\",\"author\":{\"@id\":\"https:\\\/\\\/pedroapalma.com\\\/site\\\/#\\\/schema\\\/person\\\/4a9b45ec462a5c230e4a639a0c256866\"},\"breadcrumb\":{\"@id\":\"https:\\\/\\\/pedroapalma.com\\\/site\\\/nuevos-despidos-petroleros\\\/#breadcrumb\"},\"inLanguage\":\"es\",\"potentialAction\":[{\"@type\":\"ReadAction\",\"target\":[\"https:\\\/\\\/pedroapalma.com\\\/site\\\/nuevos-despidos-petroleros\\\/\"]}]},{\"@type\":\"ImageObject\",\"inLanguage\":\"es\",\"@id\":\"https:\\\/\\\/pedroapalma.com\\\/site\\\/nuevos-despidos-petroleros\\\/#primaryimage\",\"url\":\"https:\\\/\\\/pedroapalma.com\\\/site\\\/wp-content\\\/uploads\\\/2016\\\/06\\\/PDVSA-1.jpg\",\"contentUrl\":\"https:\\\/\\\/pedroapalma.com\\\/site\\\/wp-content\\\/uploads\\\/2016\\\/06\\\/PDVSA-1.jpg\",\"width\":1432,\"height\":1072},{\"@type\":\"BreadcrumbList\",\"@id\":\"https:\\\/\\\/pedroapalma.com\\\/site\\\/nuevos-despidos-petroleros\\\/#breadcrumb\",\"itemListElement\":[{\"@type\":\"ListItem\",\"position\":1,\"name\":\"Portada\",\"item\":\"https:\\\/\\\/pedroapalma.com\\\/site\\\/\"},{\"@type\":\"ListItem\",\"position\":2,\"name\":\"Nuevos despidos petroleros\"}]},{\"@type\":\"WebSite\",\"@id\":\"https:\\\/\\\/pedroapalma.com\\\/site\\\/#website\",\"url\":\"https:\\\/\\\/pedroapalma.com\\\/site\\\/\",\"name\":\"Pedro A. Palma\",\"description\":\"Economista\",\"potentialAction\":[{\"@type\":\"SearchAction\",\"target\":{\"@type\":\"EntryPoint\",\"urlTemplate\":\"https:\\\/\\\/pedroapalma.com\\\/site\\\/?s={search_term_string}\"},\"query-input\":{\"@type\":\"PropertyValueSpecification\",\"valueRequired\":true,\"valueName\":\"search_term_string\"}}],\"inLanguage\":\"es\"},{\"@type\":\"Person\",\"@id\":\"https:\\\/\\\/pedroapalma.com\\\/site\\\/#\\\/schema\\\/person\\\/4a9b45ec462a5c230e4a639a0c256866\",\"name\":\"Mariel Torres\",\"image\":{\"@type\":\"ImageObject\",\"inLanguage\":\"es\",\"@id\":\"https:\\\/\\\/secure.gravatar.com\\\/avatar\\\/e40c6e09d294639f65ccda3de6d4aa34ba9ad132fc2f2f2295ba9d668b065c25?s=96&d=mm&r=g\",\"url\":\"https:\\\/\\\/secure.gravatar.com\\\/avatar\\\/e40c6e09d294639f65ccda3de6d4aa34ba9ad132fc2f2f2295ba9d668b065c25?s=96&d=mm&r=g\",\"contentUrl\":\"https:\\\/\\\/secure.gravatar.com\\\/avatar\\\/e40c6e09d294639f65ccda3de6d4aa34ba9ad132fc2f2f2295ba9d668b065c25?s=96&d=mm&r=g\",\"caption\":\"Mariel Torres\"}}]}<\/script>\n<!-- \/ Yoast SEO plugin. -->","yoast_head_json":{"title":"Nuevos despidos petroleros - Pedro A. Palma","robots":{"index":"index","follow":"follow","max-snippet":"max-snippet:-1","max-image-preview":"max-image-preview:large","max-video-preview":"max-video-preview:-1"},"canonical":"https:\/\/pedroapalma.com\/site\/nuevos-despidos-petroleros\/","og_locale":"es_ES","og_type":"article","og_title":"Nuevos despidos petroleros - Pedro A. Palma","og_description":"Sobre el anuncio de despido de los ex gerentes y t\u00e9cnicos de PDVSA de las nuevas empresas mixtas y sus consecuencias sobre la industria petrolera nacional","og_url":"https:\/\/pedroapalma.com\/site\/nuevos-despidos-petroleros\/","og_site_name":"Pedro A. Palma","article_published_time":"2006-04-15T20:55:08+00:00","article_modified_time":"2016-06-14T21:53:16+00:00","og_image":[{"width":1432,"height":1072,"url":"https:\/\/pedroapalma.com\/site\/wp-content\/uploads\/2016\/06\/PDVSA-1.jpg","type":"image\/jpeg"}],"author":"Mariel Torres","twitter_card":"summary_large_image","twitter_misc":{"Escrito por":"Mariel Torres","Tiempo de lectura":"2 minutos"},"schema":{"@context":"https:\/\/schema.org","@graph":[{"@type":"Article","@id":"https:\/\/pedroapalma.com\/site\/nuevos-despidos-petroleros\/#article","isPartOf":{"@id":"https:\/\/pedroapalma.com\/site\/nuevos-despidos-petroleros\/"},"author":{"name":"Mariel Torres","@id":"https:\/\/pedroapalma.com\/site\/#\/schema\/person\/4a9b45ec462a5c230e4a639a0c256866"},"headline":"Nuevos despidos petroleros","datePublished":"2006-04-15T20:55:08+00:00","dateModified":"2016-06-14T21:53:16+00:00","mainEntityOfPage":{"@id":"https:\/\/pedroapalma.com\/site\/nuevos-despidos-petroleros\/"},"wordCount":451,"commentCount":0,"image":{"@id":"https:\/\/pedroapalma.com\/site\/nuevos-despidos-petroleros\/#primaryimage"},"thumbnailUrl":"https:\/\/pedroapalma.com\/site\/wp-content\/uploads\/2016\/06\/PDVSA-1.jpg","keywords":["Despidos","Despidos de ex empleados de Pdvsa","Econom\u00eda venezolana","Pdvsa","Petr\u00f3leo","Pol\u00edtica Econ\u00f3mica"],"articleSection":["Art\u00edculos de opini\u00f3n","Econom\u00eda venezolana","Opini\u00f3n","Petr\u00f3leo","Pol\u00edtica econ\u00f3mica"],"inLanguage":"es","potentialAction":[{"@type":"CommentAction","name":"Comment","target":["https:\/\/pedroapalma.com\/site\/nuevos-despidos-petroleros\/#respond"]}]},{"@type":"WebPage","@id":"https:\/\/pedroapalma.com\/site\/nuevos-despidos-petroleros\/","url":"https:\/\/pedroapalma.com\/site\/nuevos-despidos-petroleros\/","name":"Nuevos despidos petroleros - Pedro A. Palma","isPartOf":{"@id":"https:\/\/pedroapalma.com\/site\/#website"},"primaryImageOfPage":{"@id":"https:\/\/pedroapalma.com\/site\/nuevos-despidos-petroleros\/#primaryimage"},"image":{"@id":"https:\/\/pedroapalma.com\/site\/nuevos-despidos-petroleros\/#primaryimage"},"thumbnailUrl":"https:\/\/pedroapalma.com\/site\/wp-content\/uploads\/2016\/06\/PDVSA-1.jpg","datePublished":"2006-04-15T20:55:08+00:00","dateModified":"2016-06-14T21:53:16+00:00","author":{"@id":"https:\/\/pedroapalma.com\/site\/#\/schema\/person\/4a9b45ec462a5c230e4a639a0c256866"},"breadcrumb":{"@id":"https:\/\/pedroapalma.com\/site\/nuevos-despidos-petroleros\/#breadcrumb"},"inLanguage":"es","potentialAction":[{"@type":"ReadAction","target":["https:\/\/pedroapalma.com\/site\/nuevos-despidos-petroleros\/"]}]},{"@type":"ImageObject","inLanguage":"es","@id":"https:\/\/pedroapalma.com\/site\/nuevos-despidos-petroleros\/#primaryimage","url":"https:\/\/pedroapalma.com\/site\/wp-content\/uploads\/2016\/06\/PDVSA-1.jpg","contentUrl":"https:\/\/pedroapalma.com\/site\/wp-content\/uploads\/2016\/06\/PDVSA-1.jpg","width":1432,"height":1072},{"@type":"BreadcrumbList","@id":"https:\/\/pedroapalma.com\/site\/nuevos-despidos-petroleros\/#breadcrumb","itemListElement":[{"@type":"ListItem","position":1,"name":"Portada","item":"https:\/\/pedroapalma.com\/site\/"},{"@type":"ListItem","position":2,"name":"Nuevos despidos petroleros"}]},{"@type":"WebSite","@id":"https:\/\/pedroapalma.com\/site\/#website","url":"https:\/\/pedroapalma.com\/site\/","name":"Pedro A. Palma","description":"Economista","potentialAction":[{"@type":"SearchAction","target":{"@type":"EntryPoint","urlTemplate":"https:\/\/pedroapalma.com\/site\/?s={search_term_string}"},"query-input":{"@type":"PropertyValueSpecification","valueRequired":true,"valueName":"search_term_string"}}],"inLanguage":"es"},{"@type":"Person","@id":"https:\/\/pedroapalma.com\/site\/#\/schema\/person\/4a9b45ec462a5c230e4a639a0c256866","name":"Mariel Torres","image":{"@type":"ImageObject","inLanguage":"es","@id":"https:\/\/secure.gravatar.com\/avatar\/e40c6e09d294639f65ccda3de6d4aa34ba9ad132fc2f2f2295ba9d668b065c25?s=96&d=mm&r=g","url":"https:\/\/secure.gravatar.com\/avatar\/e40c6e09d294639f65ccda3de6d4aa34ba9ad132fc2f2f2295ba9d668b065c25?s=96&d=mm&r=g","contentUrl":"https:\/\/secure.gravatar.com\/avatar\/e40c6e09d294639f65ccda3de6d4aa34ba9ad132fc2f2f2295ba9d668b065c25?s=96&d=mm&r=g","caption":"Mariel Torres"}}]}},"_links":{"self":[{"href":"https:\/\/pedroapalma.com\/site\/wp-json\/wp\/v2\/posts\/1925","targetHints":{"allow":["GET"]}}],"collection":[{"href":"https:\/\/pedroapalma.com\/site\/wp-json\/wp\/v2\/posts"}],"about":[{"href":"https:\/\/pedroapalma.com\/site\/wp-json\/wp\/v2\/types\/post"}],"author":[{"embeddable":true,"href":"https:\/\/pedroapalma.com\/site\/wp-json\/wp\/v2\/users\/3"}],"replies":[{"embeddable":true,"href":"https:\/\/pedroapalma.com\/site\/wp-json\/wp\/v2\/comments?post=1925"}],"version-history":[{"count":1,"href":"https:\/\/pedroapalma.com\/site\/wp-json\/wp\/v2\/posts\/1925\/revisions"}],"predecessor-version":[{"id":1933,"href":"https:\/\/pedroapalma.com\/site\/wp-json\/wp\/v2\/posts\/1925\/revisions\/1933"}],"wp:featuredmedia":[{"embeddable":true,"href":"https:\/\/pedroapalma.com\/site\/wp-json\/wp\/v2\/media\/1932"}],"wp:attachment":[{"href":"https:\/\/pedroapalma.com\/site\/wp-json\/wp\/v2\/media?parent=1925"}],"wp:term":[{"taxonomy":"category","embeddable":true,"href":"https:\/\/pedroapalma.com\/site\/wp-json\/wp\/v2\/categories?post=1925"},{"taxonomy":"post_tag","embeddable":true,"href":"https:\/\/pedroapalma.com\/site\/wp-json\/wp\/v2\/tags?post=1925"}],"curies":[{"name":"wp","href":"https:\/\/api.w.org\/{rel}","templated":true}]}}