{"id":1807,"date":"2009-05-11T22:40:39","date_gmt":"2009-05-11T22:40:39","guid":{"rendered":"http:\/\/www.tmsdesarrolladores.com\/pedropalma\/?p=1807"},"modified":"2016-06-04T23:36:51","modified_gmt":"2016-06-04T23:36:51","slug":"las-finanzas-de-pdvsa","status":"publish","type":"post","link":"https:\/\/pedroapalma.com\/site\/las-finanzas-de-pdvsa\/","title":{"rendered":"Las finanzas de PDVSA"},"content":{"rendered":"<p>Publicado en el diario \u00abEl Nacional\u00bb de Caracas. Lunes 11 de mayo de 2009<\/p>\n<p>&nbsp;<\/p>\n<p>Realmente preocupan las finanzas de PDVSA, las cuales reflejan, sin lugar a dudas, la precaria situaci\u00f3n en la que ha ca\u00eddo nuestra principal industria. Los atrasos en los pagos a proveedores, las dificultades que tiene esa empresa de llegar a acuerdos laborales satisfactorios con sus trabajadores, y el aumento alarmante de sus cuentas por cobrar, que muy probablemente nunca ser\u00e1n cobradas ya que las mismas responden al pr\u00e1ctico regalo energ\u00e9tico que le hacemos a varios pa\u00edses latinoamericanos y caribe\u00f1os, son s\u00f3lo algunos indicadores de una cruda realidad que se ven\u00eda gestando desde hace varios a\u00f1os, pero que se agrav\u00f3 e hizo crisis a ra\u00edz del colapso de los precios internacionales del petr\u00f3leo ocurrido en los \u00faltimos meses del a\u00f1o precedente.<\/p>\n<p>Al examinar los estados financieros de PDVSA se observa que durante 2007 y los tres primeros trimestres de 2008, cuando los precios de exportaci\u00f3n de nuestros hidrocarburos aumentaban fuertemente hasta alcanzar m\u00e1ximos hist\u00f3ricos inimaginables, los pasivos de esa empresa aumentaron un 152%, pasando de $ 27,42 millardos el 31 de diciembre de 2006 a m\u00e1s de $ 69 millardos a fines de septiembre del a\u00f1o pasado. Adicionalmente, durante los nueve primeros meses de 2008 sus cuentas por cobrar aumentaron un 116%, llegando a superar los $ 24,2 millardos.\u00a0 Esas cifras llevan a la conclusi\u00f3n de que durante el per\u00edodo de mayor bonanza petrolera PDVSA se hund\u00eda en un severo problema financiero, que estall\u00f3 con toda fuerza cuando se desplomaron los precios a ra\u00edz de la crisis global.<\/p>\n<p>Una de las formas como se ha manifestado esa adversidad es el severo retraso en el pago a proveedores y contratistas, lo cual se ha traducido en la acumulaci\u00f3n de deudas \u00a0con m\u00faltiples empresas, tanto locales como extranjeras, que ha llevado a algunas de ellas al punto de asfixia, no pudiendo seguir operando por falta de recursos, o ha hecho que otras suspendan operaciones por incumplimiento de pago. De hecho, las deudas acumuladas con algunas empresas superan los $ 100 millones, lleg\u00e1ndose al extremo de una contratista a quien se le debe una cifra astron\u00f3mica que ya se acerca al millardo de d\u00f3lares. Esto ha hecho que varias operadoras de taladros hayan interrumpido sus actividades, y otras que a\u00fan se mantienen activas est\u00e9n considerando parar. Situaciones similares se est\u00e1n presentando en otras \u00e1reas, como la del manejo de oleoductos y prestaci\u00f3n de otros servicios, implicando esto, adem\u00e1s de riesgos de acciones legales ante centros de arbitraje internacional, severas restricciones operativas que se est\u00e1n traduciendo en menor capacidad de producci\u00f3n y de distribuci\u00f3n.<\/p>\n<p>Ese caos financiero, que ha llevado a algunos a decir que PDVSA est\u00e1 quebrada, es producto de la imprudencia y la irresponsabilidad gubernamental, al obligar a esa empresa a dedicar ingentes y crecientes recursos al financiamiento de una serie de proyectos que le son totalmente ajenos, y que le limitan la disponibilidad de fondos para operar eficientemente el negocio petrolero. Adem\u00e1s de los elevados compromisos tributarios que tiene que cumplir, se le ha forzado a realizar cuantiosas transferencias de dinero a fondos gubernamentales, a financiar millonarios programas sociales de la m\u00e1s diversa \u00edndole, a importar y distribuir alimentos, y a comprar empresas de todo tipo, incluyendo productoras de productos l\u00e1cteos y de aceite comestible.<\/p>\n<p>Por ese camino, PDVSA, que como dice el slogan \u201cahora es del pueblo\u201d, estar\u00e1 cada vez menos posibilitada de generar los recursos que tanto se requieren para dar al pueblo lo que \u00e9ste m\u00e1s necesita.<\/p>\n<p>&nbsp;<\/p>\n<p>Imagen:Lapatilla.com<\/p>\n","protected":false},"excerpt":{"rendered":"<p>De c\u00f3mo las finanzas de Pdvsa se han deteriorado notablemente, producto de las desproporcionadas cargas financieras que se le han impuesto y que son ajenas a su actividad medular<\/p>\n","protected":false},"author":3,"featured_media":1830,"comment_status":"open","ping_status":"open","sticky":false,"template":"","format":"standard","meta":{"footnotes":""},"categories":[14,25,17,19,11,23,24,22,26],"tags":[110,107,61,81,80,32,115,112,129],"class_list":["post-1807","post","type-post","status-publish","format-standard","has-post-thumbnail","hentry","category-articulos-de-opinion","category-aspectos-sociales","category-economia-venezolana","category-fiscales-y-monetarios","category-opinion","category-petroleo","category-politica","category-politica-economica","category-sector-externo","tag-aspectos-fiscales-y-monetarios","tag-aspectos-sociales","tag-economia-venezolana","tag-finanzas-de-pdvsa","tag-pdvsa","tag-petroleo","tag-politica","tag-politica-economica","tag-sector-externo"],"yoast_head":"<!-- This site is optimized with the Yoast SEO plugin v27.4 - https:\/\/yoast.com\/product\/yoast-seo-wordpress\/ -->\n<title>Las finanzas de PDVSA - Pedro A. Palma<\/title>\n<meta name=\"robots\" content=\"index, follow, max-snippet:-1, max-image-preview:large, max-video-preview:-1\" \/>\n<link rel=\"canonical\" href=\"https:\/\/pedroapalma.com\/site\/las-finanzas-de-pdvsa\/\" \/>\n<meta property=\"og:locale\" content=\"es_ES\" \/>\n<meta property=\"og:type\" content=\"article\" \/>\n<meta property=\"og:title\" content=\"Las finanzas de PDVSA - Pedro A. Palma\" \/>\n<meta property=\"og:description\" content=\"De c\u00f3mo las finanzas de Pdvsa se han deteriorado notablemente, producto de las desproporcionadas cargas financieras que se le han impuesto y que son ajenas a su actividad medular\" \/>\n<meta property=\"og:url\" content=\"https:\/\/pedroapalma.com\/site\/las-finanzas-de-pdvsa\/\" \/>\n<meta property=\"og:site_name\" content=\"Pedro A. Palma\" \/>\n<meta property=\"article:published_time\" content=\"2009-05-11T22:40:39+00:00\" \/>\n<meta property=\"article:modified_time\" content=\"2016-06-04T23:36:51+00:00\" \/>\n<meta property=\"og:image\" content=\"https:\/\/pedroapalma.com\/site\/wp-content\/uploads\/2016\/06\/PDVSA.jpg\" \/>\n\t<meta property=\"og:image:width\" content=\"1400\" \/>\n\t<meta property=\"og:image:height\" content=\"934\" \/>\n\t<meta property=\"og:image:type\" content=\"image\/jpeg\" \/>\n<meta name=\"author\" content=\"Mariel Torres\" \/>\n<meta name=\"twitter:card\" content=\"summary_large_image\" \/>\n<meta name=\"twitter:label1\" content=\"Escrito por\" \/>\n\t<meta name=\"twitter:data1\" content=\"Mariel Torres\" \/>\n\t<meta name=\"twitter:label2\" content=\"Tiempo de lectura\" \/>\n\t<meta name=\"twitter:data2\" content=\"3 minutos\" \/>\n<script type=\"application\/ld+json\" class=\"yoast-schema-graph\">{\"@context\":\"https:\\\/\\\/schema.org\",\"@graph\":[{\"@type\":\"Article\",\"@id\":\"https:\\\/\\\/pedroapalma.com\\\/site\\\/las-finanzas-de-pdvsa\\\/#article\",\"isPartOf\":{\"@id\":\"https:\\\/\\\/pedroapalma.com\\\/site\\\/las-finanzas-de-pdvsa\\\/\"},\"author\":{\"name\":\"Mariel Torres\",\"@id\":\"https:\\\/\\\/pedroapalma.com\\\/site\\\/#\\\/schema\\\/person\\\/4a9b45ec462a5c230e4a639a0c256866\"},\"headline\":\"Las finanzas de PDVSA\",\"datePublished\":\"2009-05-11T22:40:39+00:00\",\"dateModified\":\"2016-06-04T23:36:51+00:00\",\"mainEntityOfPage\":{\"@id\":\"https:\\\/\\\/pedroapalma.com\\\/site\\\/las-finanzas-de-pdvsa\\\/\"},\"wordCount\":613,\"commentCount\":0,\"image\":{\"@id\":\"https:\\\/\\\/pedroapalma.com\\\/site\\\/las-finanzas-de-pdvsa\\\/#primaryimage\"},\"thumbnailUrl\":\"https:\\\/\\\/pedroapalma.com\\\/site\\\/wp-content\\\/uploads\\\/2016\\\/06\\\/PDVSA.jpg\",\"keywords\":[\"Aspectos Fiscales y Monetarios\",\"Aspectos sociales\",\"Econom\u00eda venezolana\",\"Finanzas de Pdvsa\",\"Pdvsa\",\"Petr\u00f3leo\",\"Pol\u00edtica\",\"Pol\u00edtica Econ\u00f3mica\",\"Sector Externo\"],\"articleSection\":[\"Art\u00edculos de opini\u00f3n\",\"Aspectos sociales\",\"Econom\u00eda venezolana\",\"Fiscales y monetarios\",\"Opini\u00f3n\",\"Petr\u00f3leo\",\"Pol\u00edtica\",\"Pol\u00edtica econ\u00f3mica\",\"Sector externo\"],\"inLanguage\":\"es\",\"potentialAction\":[{\"@type\":\"CommentAction\",\"name\":\"Comment\",\"target\":[\"https:\\\/\\\/pedroapalma.com\\\/site\\\/las-finanzas-de-pdvsa\\\/#respond\"]}]},{\"@type\":\"WebPage\",\"@id\":\"https:\\\/\\\/pedroapalma.com\\\/site\\\/las-finanzas-de-pdvsa\\\/\",\"url\":\"https:\\\/\\\/pedroapalma.com\\\/site\\\/las-finanzas-de-pdvsa\\\/\",\"name\":\"Las finanzas de PDVSA - Pedro A. Palma\",\"isPartOf\":{\"@id\":\"https:\\\/\\\/pedroapalma.com\\\/site\\\/#website\"},\"primaryImageOfPage\":{\"@id\":\"https:\\\/\\\/pedroapalma.com\\\/site\\\/las-finanzas-de-pdvsa\\\/#primaryimage\"},\"image\":{\"@id\":\"https:\\\/\\\/pedroapalma.com\\\/site\\\/las-finanzas-de-pdvsa\\\/#primaryimage\"},\"thumbnailUrl\":\"https:\\\/\\\/pedroapalma.com\\\/site\\\/wp-content\\\/uploads\\\/2016\\\/06\\\/PDVSA.jpg\",\"datePublished\":\"2009-05-11T22:40:39+00:00\",\"dateModified\":\"2016-06-04T23:36:51+00:00\",\"author\":{\"@id\":\"https:\\\/\\\/pedroapalma.com\\\/site\\\/#\\\/schema\\\/person\\\/4a9b45ec462a5c230e4a639a0c256866\"},\"breadcrumb\":{\"@id\":\"https:\\\/\\\/pedroapalma.com\\\/site\\\/las-finanzas-de-pdvsa\\\/#breadcrumb\"},\"inLanguage\":\"es\",\"potentialAction\":[{\"@type\":\"ReadAction\",\"target\":[\"https:\\\/\\\/pedroapalma.com\\\/site\\\/las-finanzas-de-pdvsa\\\/\"]}]},{\"@type\":\"ImageObject\",\"inLanguage\":\"es\",\"@id\":\"https:\\\/\\\/pedroapalma.com\\\/site\\\/las-finanzas-de-pdvsa\\\/#primaryimage\",\"url\":\"https:\\\/\\\/pedroapalma.com\\\/site\\\/wp-content\\\/uploads\\\/2016\\\/06\\\/PDVSA.jpg\",\"contentUrl\":\"https:\\\/\\\/pedroapalma.com\\\/site\\\/wp-content\\\/uploads\\\/2016\\\/06\\\/PDVSA.jpg\",\"width\":1400,\"height\":934},{\"@type\":\"BreadcrumbList\",\"@id\":\"https:\\\/\\\/pedroapalma.com\\\/site\\\/las-finanzas-de-pdvsa\\\/#breadcrumb\",\"itemListElement\":[{\"@type\":\"ListItem\",\"position\":1,\"name\":\"Portada\",\"item\":\"https:\\\/\\\/pedroapalma.com\\\/site\\\/\"},{\"@type\":\"ListItem\",\"position\":2,\"name\":\"Las finanzas de PDVSA\"}]},{\"@type\":\"WebSite\",\"@id\":\"https:\\\/\\\/pedroapalma.com\\\/site\\\/#website\",\"url\":\"https:\\\/\\\/pedroapalma.com\\\/site\\\/\",\"name\":\"Pedro A. Palma\",\"description\":\"Economista\",\"potentialAction\":[{\"@type\":\"SearchAction\",\"target\":{\"@type\":\"EntryPoint\",\"urlTemplate\":\"https:\\\/\\\/pedroapalma.com\\\/site\\\/?s={search_term_string}\"},\"query-input\":{\"@type\":\"PropertyValueSpecification\",\"valueRequired\":true,\"valueName\":\"search_term_string\"}}],\"inLanguage\":\"es\"},{\"@type\":\"Person\",\"@id\":\"https:\\\/\\\/pedroapalma.com\\\/site\\\/#\\\/schema\\\/person\\\/4a9b45ec462a5c230e4a639a0c256866\",\"name\":\"Mariel Torres\",\"image\":{\"@type\":\"ImageObject\",\"inLanguage\":\"es\",\"@id\":\"https:\\\/\\\/secure.gravatar.com\\\/avatar\\\/e40c6e09d294639f65ccda3de6d4aa34ba9ad132fc2f2f2295ba9d668b065c25?s=96&d=mm&r=g\",\"url\":\"https:\\\/\\\/secure.gravatar.com\\\/avatar\\\/e40c6e09d294639f65ccda3de6d4aa34ba9ad132fc2f2f2295ba9d668b065c25?s=96&d=mm&r=g\",\"contentUrl\":\"https:\\\/\\\/secure.gravatar.com\\\/avatar\\\/e40c6e09d294639f65ccda3de6d4aa34ba9ad132fc2f2f2295ba9d668b065c25?s=96&d=mm&r=g\",\"caption\":\"Mariel Torres\"}}]}<\/script>\n<!-- \/ Yoast SEO plugin. -->","yoast_head_json":{"title":"Las finanzas de PDVSA - Pedro A. Palma","robots":{"index":"index","follow":"follow","max-snippet":"max-snippet:-1","max-image-preview":"max-image-preview:large","max-video-preview":"max-video-preview:-1"},"canonical":"https:\/\/pedroapalma.com\/site\/las-finanzas-de-pdvsa\/","og_locale":"es_ES","og_type":"article","og_title":"Las finanzas de PDVSA - Pedro A. Palma","og_description":"De c\u00f3mo las finanzas de Pdvsa se han deteriorado notablemente, producto de las desproporcionadas cargas financieras que se le han impuesto y que son ajenas a su actividad medular","og_url":"https:\/\/pedroapalma.com\/site\/las-finanzas-de-pdvsa\/","og_site_name":"Pedro A. Palma","article_published_time":"2009-05-11T22:40:39+00:00","article_modified_time":"2016-06-04T23:36:51+00:00","og_image":[{"width":1400,"height":934,"url":"https:\/\/pedroapalma.com\/site\/wp-content\/uploads\/2016\/06\/PDVSA.jpg","type":"image\/jpeg"}],"author":"Mariel Torres","twitter_card":"summary_large_image","twitter_misc":{"Escrito por":"Mariel Torres","Tiempo de lectura":"3 minutos"},"schema":{"@context":"https:\/\/schema.org","@graph":[{"@type":"Article","@id":"https:\/\/pedroapalma.com\/site\/las-finanzas-de-pdvsa\/#article","isPartOf":{"@id":"https:\/\/pedroapalma.com\/site\/las-finanzas-de-pdvsa\/"},"author":{"name":"Mariel Torres","@id":"https:\/\/pedroapalma.com\/site\/#\/schema\/person\/4a9b45ec462a5c230e4a639a0c256866"},"headline":"Las finanzas de PDVSA","datePublished":"2009-05-11T22:40:39+00:00","dateModified":"2016-06-04T23:36:51+00:00","mainEntityOfPage":{"@id":"https:\/\/pedroapalma.com\/site\/las-finanzas-de-pdvsa\/"},"wordCount":613,"commentCount":0,"image":{"@id":"https:\/\/pedroapalma.com\/site\/las-finanzas-de-pdvsa\/#primaryimage"},"thumbnailUrl":"https:\/\/pedroapalma.com\/site\/wp-content\/uploads\/2016\/06\/PDVSA.jpg","keywords":["Aspectos Fiscales y Monetarios","Aspectos sociales","Econom\u00eda venezolana","Finanzas de Pdvsa","Pdvsa","Petr\u00f3leo","Pol\u00edtica","Pol\u00edtica Econ\u00f3mica","Sector Externo"],"articleSection":["Art\u00edculos de opini\u00f3n","Aspectos sociales","Econom\u00eda venezolana","Fiscales y monetarios","Opini\u00f3n","Petr\u00f3leo","Pol\u00edtica","Pol\u00edtica econ\u00f3mica","Sector externo"],"inLanguage":"es","potentialAction":[{"@type":"CommentAction","name":"Comment","target":["https:\/\/pedroapalma.com\/site\/las-finanzas-de-pdvsa\/#respond"]}]},{"@type":"WebPage","@id":"https:\/\/pedroapalma.com\/site\/las-finanzas-de-pdvsa\/","url":"https:\/\/pedroapalma.com\/site\/las-finanzas-de-pdvsa\/","name":"Las finanzas de PDVSA - Pedro A. Palma","isPartOf":{"@id":"https:\/\/pedroapalma.com\/site\/#website"},"primaryImageOfPage":{"@id":"https:\/\/pedroapalma.com\/site\/las-finanzas-de-pdvsa\/#primaryimage"},"image":{"@id":"https:\/\/pedroapalma.com\/site\/las-finanzas-de-pdvsa\/#primaryimage"},"thumbnailUrl":"https:\/\/pedroapalma.com\/site\/wp-content\/uploads\/2016\/06\/PDVSA.jpg","datePublished":"2009-05-11T22:40:39+00:00","dateModified":"2016-06-04T23:36:51+00:00","author":{"@id":"https:\/\/pedroapalma.com\/site\/#\/schema\/person\/4a9b45ec462a5c230e4a639a0c256866"},"breadcrumb":{"@id":"https:\/\/pedroapalma.com\/site\/las-finanzas-de-pdvsa\/#breadcrumb"},"inLanguage":"es","potentialAction":[{"@type":"ReadAction","target":["https:\/\/pedroapalma.com\/site\/las-finanzas-de-pdvsa\/"]}]},{"@type":"ImageObject","inLanguage":"es","@id":"https:\/\/pedroapalma.com\/site\/las-finanzas-de-pdvsa\/#primaryimage","url":"https:\/\/pedroapalma.com\/site\/wp-content\/uploads\/2016\/06\/PDVSA.jpg","contentUrl":"https:\/\/pedroapalma.com\/site\/wp-content\/uploads\/2016\/06\/PDVSA.jpg","width":1400,"height":934},{"@type":"BreadcrumbList","@id":"https:\/\/pedroapalma.com\/site\/las-finanzas-de-pdvsa\/#breadcrumb","itemListElement":[{"@type":"ListItem","position":1,"name":"Portada","item":"https:\/\/pedroapalma.com\/site\/"},{"@type":"ListItem","position":2,"name":"Las finanzas de PDVSA"}]},{"@type":"WebSite","@id":"https:\/\/pedroapalma.com\/site\/#website","url":"https:\/\/pedroapalma.com\/site\/","name":"Pedro A. Palma","description":"Economista","potentialAction":[{"@type":"SearchAction","target":{"@type":"EntryPoint","urlTemplate":"https:\/\/pedroapalma.com\/site\/?s={search_term_string}"},"query-input":{"@type":"PropertyValueSpecification","valueRequired":true,"valueName":"search_term_string"}}],"inLanguage":"es"},{"@type":"Person","@id":"https:\/\/pedroapalma.com\/site\/#\/schema\/person\/4a9b45ec462a5c230e4a639a0c256866","name":"Mariel Torres","image":{"@type":"ImageObject","inLanguage":"es","@id":"https:\/\/secure.gravatar.com\/avatar\/e40c6e09d294639f65ccda3de6d4aa34ba9ad132fc2f2f2295ba9d668b065c25?s=96&d=mm&r=g","url":"https:\/\/secure.gravatar.com\/avatar\/e40c6e09d294639f65ccda3de6d4aa34ba9ad132fc2f2f2295ba9d668b065c25?s=96&d=mm&r=g","contentUrl":"https:\/\/secure.gravatar.com\/avatar\/e40c6e09d294639f65ccda3de6d4aa34ba9ad132fc2f2f2295ba9d668b065c25?s=96&d=mm&r=g","caption":"Mariel Torres"}}]}},"_links":{"self":[{"href":"https:\/\/pedroapalma.com\/site\/wp-json\/wp\/v2\/posts\/1807","targetHints":{"allow":["GET"]}}],"collection":[{"href":"https:\/\/pedroapalma.com\/site\/wp-json\/wp\/v2\/posts"}],"about":[{"href":"https:\/\/pedroapalma.com\/site\/wp-json\/wp\/v2\/types\/post"}],"author":[{"embeddable":true,"href":"https:\/\/pedroapalma.com\/site\/wp-json\/wp\/v2\/users\/3"}],"replies":[{"embeddable":true,"href":"https:\/\/pedroapalma.com\/site\/wp-json\/wp\/v2\/comments?post=1807"}],"version-history":[{"count":1,"href":"https:\/\/pedroapalma.com\/site\/wp-json\/wp\/v2\/posts\/1807\/revisions"}],"predecessor-version":[{"id":1832,"href":"https:\/\/pedroapalma.com\/site\/wp-json\/wp\/v2\/posts\/1807\/revisions\/1832"}],"wp:featuredmedia":[{"embeddable":true,"href":"https:\/\/pedroapalma.com\/site\/wp-json\/wp\/v2\/media\/1830"}],"wp:attachment":[{"href":"https:\/\/pedroapalma.com\/site\/wp-json\/wp\/v2\/media?parent=1807"}],"wp:term":[{"taxonomy":"category","embeddable":true,"href":"https:\/\/pedroapalma.com\/site\/wp-json\/wp\/v2\/categories?post=1807"},{"taxonomy":"post_tag","embeddable":true,"href":"https:\/\/pedroapalma.com\/site\/wp-json\/wp\/v2\/tags?post=1807"}],"curies":[{"name":"wp","href":"https:\/\/api.w.org\/{rel}","templated":true}]}}