{"id":1704,"date":"2006-09-02T22:45:23","date_gmt":"2006-09-02T22:45:23","guid":{"rendered":"http:\/\/www.tmsdesarrolladores.com\/pedropalma\/?p=1704"},"modified":"2016-07-26T06:06:25","modified_gmt":"2016-07-26T06:06:25","slug":"la-asamblea-nacional-y-la-inflacion","status":"publish","type":"post","link":"https:\/\/pedroapalma.com\/site\/la-asamblea-nacional-y-la-inflacion\/","title":{"rendered":"La Asamblea Nacional y la inflaci\u00f3n"},"content":{"rendered":"<p>Publicado en el diario \u201cEl Universal\u201d de Caracas. S\u00e1bado 2 de septiembre de 2006<\/p>\n<p>&nbsp;<\/p>\n<p>Recientemente, la Comisi\u00f3n Permanente de Finanzas de la Asamblea Nacional (AN) le plante\u00f3 al Banco Central de Venezuela su visi\u00f3n sobre lo que debe ser la reforma monetaria a implementarse. En ese escrito se dice que, con relaci\u00f3n a la inflaci\u00f3n, se ha demostrado que en nuestro pa\u00eds lo verdaderamente relevante es la calidad del gasto p\u00fablico y no su tama\u00f1o, y que la desaceleraci\u00f3n inflacionaria reciente se ha debido al incremento de la producci\u00f3n y de la productividad, obviando mencionar el anclaje cambiario, y la consecuente sobrevaluaci\u00f3n del bol\u00edvar, como la principal causa de esa atenuaci\u00f3n.<\/p>\n<p>En efecto, el abaratamiento de los productos externos debido a la abundante oferta de d\u00f3lares a un tipo de cambio fijo, combinado con los masivos subsidios, ha contribuido a mitigar la inflaci\u00f3n, a pesar del asiduo aumento del consumo en respuesta a la dislocada expansi\u00f3n de la oferta monetaria, que, a su vez, ha sido causada por el disparatado y sostenido incremento del gasto p\u00fablico, a trav\u00e9s del cual se inyectan a la econom\u00eda los abundantes recursos petroleros que recibimos.<\/p>\n<p>De hecho, la demanda interna, y particularmente el consumo, est\u00e1 creciendo m\u00e1s que la producci\u00f3n local, por lo que ha sido necesario incrementar notablemente las importaciones, para as\u00ed evitar presiones inflacionarias desproporcionadas. Ello se ha podido hacer debido al mayor poder adquisitivo externo generado por los abundantes petrod\u00f3lares que recibimos. En otras palabras, hasta ahora se ha podido mitigar la inflaci\u00f3n y estimular la actividad econ\u00f3mica debido al favorable escenario externo en que vivimos. Pero, \u00bfcu\u00e1n sostenible es esta situaci\u00f3n?<\/p>\n<p>Una reversi\u00f3n de la vol\u00e1til coyuntura petrolera imposibilitar\u00eda la continuidad de la situaci\u00f3n econ\u00f3mica actual, pues, aun cuando el gobierno intentare mantener la expansi\u00f3n del gasto p\u00fablico a trav\u00e9s del financiamiento del creciente d\u00e9ficit fiscal con dinero inorg\u00e1nico, ya no se dispondr\u00eda de los d\u00f3lares suficientes con qu\u00e9 seguir importando para complementar la insuficiente oferta interna. Ello, obviamente, se traducir\u00eda en una inflaci\u00f3n creciente y en presiones sobre el tipo de cambio, con consecuencias muy adversas.<\/p>\n<p>Pretender que a futuro se podr\u00e1 controlar la inflaci\u00f3n a trav\u00e9s de medidas de pol\u00edtica monetaria aisladas, sin que se busque racionalizar el gasto p\u00fablico, como lo sugiere el documento de la AN, no es m\u00e1s que una quimera.<\/p>\n<p>&nbsp;<\/p>\n<p>&nbsp;<\/p>\n<p>Imagen: untinternacional.org<\/p>\n","protected":false},"excerpt":{"rendered":"<p>Para que la reforma monetaria planteada en 2006 contribuyera exitosamente a controlar la inflaci\u00f3n, era imperativo racionalizar el gasto p\u00fablico.<\/p>\n","protected":false},"author":3,"featured_media":1726,"comment_status":"open","ping_status":"open","sticky":false,"template":"","format":"standard","meta":{"footnotes":""},"categories":[14,20,17,19,21,11,23,22,26],"tags":[111,110,61,74,32,112,129],"class_list":["post-1704","post","type-post","status-publish","format-standard","has-post-thumbnail","hentry","category-articulos-de-opinion","category-aspectos-cambiarios","category-economia-venezolana","category-fiscales-y-monetarios","category-inflacion","category-opinion","category-petroleo","category-politica-economica","category-sector-externo","tag-aspectos-cambiarios","tag-aspectos-fiscales-y-monetarios","tag-economia-venezolana","tag-inflacion","tag-petroleo","tag-politica-economica","tag-sector-externo"],"yoast_head":"<!-- This site is optimized with the Yoast SEO plugin v27.4 - https:\/\/yoast.com\/product\/yoast-seo-wordpress\/ -->\n<title>La Asamblea Nacional y la inflaci\u00f3n - Pedro A. Palma<\/title>\n<meta name=\"robots\" content=\"index, follow, max-snippet:-1, max-image-preview:large, max-video-preview:-1\" \/>\n<link rel=\"canonical\" href=\"https:\/\/pedroapalma.com\/site\/la-asamblea-nacional-y-la-inflacion\/\" \/>\n<meta property=\"og:locale\" content=\"es_ES\" \/>\n<meta property=\"og:type\" content=\"article\" \/>\n<meta property=\"og:title\" content=\"La Asamblea Nacional y la inflaci\u00f3n - Pedro A. Palma\" \/>\n<meta property=\"og:description\" content=\"Para que la reforma monetaria planteada en 2006 contribuyera exitosamente a controlar la inflaci\u00f3n, era imperativo racionalizar el gasto p\u00fablico.\" \/>\n<meta property=\"og:url\" content=\"https:\/\/pedroapalma.com\/site\/la-asamblea-nacional-y-la-inflacion\/\" \/>\n<meta property=\"og:site_name\" content=\"Pedro A. Palma\" \/>\n<meta property=\"article:published_time\" content=\"2006-09-02T22:45:23+00:00\" \/>\n<meta property=\"article:modified_time\" content=\"2016-07-26T06:06:25+00:00\" \/>\n<meta property=\"og:image\" content=\"https:\/\/pedroapalma.com\/site\/wp-content\/uploads\/2016\/06\/url.jpe\" \/>\n\t<meta property=\"og:image:width\" content=\"998\" \/>\n\t<meta property=\"og:image:height\" content=\"643\" \/>\n\t<meta property=\"og:image:type\" content=\"image\/jpeg\" \/>\n<meta name=\"author\" content=\"Mariel Torres\" \/>\n<meta name=\"twitter:card\" content=\"summary_large_image\" \/>\n<meta name=\"twitter:label1\" content=\"Escrito por\" \/>\n\t<meta name=\"twitter:data1\" content=\"Mariel Torres\" \/>\n\t<meta name=\"twitter:label2\" content=\"Tiempo de lectura\" \/>\n\t<meta name=\"twitter:data2\" content=\"2 minutos\" \/>\n<script type=\"application\/ld+json\" class=\"yoast-schema-graph\">{\"@context\":\"https:\\\/\\\/schema.org\",\"@graph\":[{\"@type\":\"Article\",\"@id\":\"https:\\\/\\\/pedroapalma.com\\\/site\\\/la-asamblea-nacional-y-la-inflacion\\\/#article\",\"isPartOf\":{\"@id\":\"https:\\\/\\\/pedroapalma.com\\\/site\\\/la-asamblea-nacional-y-la-inflacion\\\/\"},\"author\":{\"name\":\"Mariel Torres\",\"@id\":\"https:\\\/\\\/pedroapalma.com\\\/site\\\/#\\\/schema\\\/person\\\/4a9b45ec462a5c230e4a639a0c256866\"},\"headline\":\"La Asamblea Nacional y la inflaci\u00f3n\",\"datePublished\":\"2006-09-02T22:45:23+00:00\",\"dateModified\":\"2016-07-26T06:06:25+00:00\",\"mainEntityOfPage\":{\"@id\":\"https:\\\/\\\/pedroapalma.com\\\/site\\\/la-asamblea-nacional-y-la-inflacion\\\/\"},\"wordCount\":442,\"commentCount\":0,\"image\":{\"@id\":\"https:\\\/\\\/pedroapalma.com\\\/site\\\/la-asamblea-nacional-y-la-inflacion\\\/#primaryimage\"},\"thumbnailUrl\":\"https:\\\/\\\/pedroapalma.com\\\/site\\\/wp-content\\\/uploads\\\/2016\\\/06\\\/url.jpe\",\"keywords\":[\"Aspectos Cambiarios\",\"Aspectos Fiscales y Monetarios\",\"Econom\u00eda venezolana\",\"Inflaci\u00f3n\",\"Petr\u00f3leo\",\"Pol\u00edtica Econ\u00f3mica\",\"Sector Externo\"],\"articleSection\":[\"Art\u00edculos de opini\u00f3n\",\"Aspectos cambiarios\",\"Econom\u00eda venezolana\",\"Fiscales y monetarios\",\"Inflaci\u00f3n\",\"Opini\u00f3n\",\"Petr\u00f3leo\",\"Pol\u00edtica econ\u00f3mica\",\"Sector externo\"],\"inLanguage\":\"es\",\"potentialAction\":[{\"@type\":\"CommentAction\",\"name\":\"Comment\",\"target\":[\"https:\\\/\\\/pedroapalma.com\\\/site\\\/la-asamblea-nacional-y-la-inflacion\\\/#respond\"]}]},{\"@type\":\"WebPage\",\"@id\":\"https:\\\/\\\/pedroapalma.com\\\/site\\\/la-asamblea-nacional-y-la-inflacion\\\/\",\"url\":\"https:\\\/\\\/pedroapalma.com\\\/site\\\/la-asamblea-nacional-y-la-inflacion\\\/\",\"name\":\"La Asamblea Nacional y la inflaci\u00f3n - Pedro A. Palma\",\"isPartOf\":{\"@id\":\"https:\\\/\\\/pedroapalma.com\\\/site\\\/#website\"},\"primaryImageOfPage\":{\"@id\":\"https:\\\/\\\/pedroapalma.com\\\/site\\\/la-asamblea-nacional-y-la-inflacion\\\/#primaryimage\"},\"image\":{\"@id\":\"https:\\\/\\\/pedroapalma.com\\\/site\\\/la-asamblea-nacional-y-la-inflacion\\\/#primaryimage\"},\"thumbnailUrl\":\"https:\\\/\\\/pedroapalma.com\\\/site\\\/wp-content\\\/uploads\\\/2016\\\/06\\\/url.jpe\",\"datePublished\":\"2006-09-02T22:45:23+00:00\",\"dateModified\":\"2016-07-26T06:06:25+00:00\",\"author\":{\"@id\":\"https:\\\/\\\/pedroapalma.com\\\/site\\\/#\\\/schema\\\/person\\\/4a9b45ec462a5c230e4a639a0c256866\"},\"breadcrumb\":{\"@id\":\"https:\\\/\\\/pedroapalma.com\\\/site\\\/la-asamblea-nacional-y-la-inflacion\\\/#breadcrumb\"},\"inLanguage\":\"es\",\"potentialAction\":[{\"@type\":\"ReadAction\",\"target\":[\"https:\\\/\\\/pedroapalma.com\\\/site\\\/la-asamblea-nacional-y-la-inflacion\\\/\"]}]},{\"@type\":\"ImageObject\",\"inLanguage\":\"es\",\"@id\":\"https:\\\/\\\/pedroapalma.com\\\/site\\\/la-asamblea-nacional-y-la-inflacion\\\/#primaryimage\",\"url\":\"https:\\\/\\\/pedroapalma.com\\\/site\\\/wp-content\\\/uploads\\\/2016\\\/06\\\/url.jpe\",\"contentUrl\":\"https:\\\/\\\/pedroapalma.com\\\/site\\\/wp-content\\\/uploads\\\/2016\\\/06\\\/url.jpe\",\"width\":998,\"height\":643},{\"@type\":\"BreadcrumbList\",\"@id\":\"https:\\\/\\\/pedroapalma.com\\\/site\\\/la-asamblea-nacional-y-la-inflacion\\\/#breadcrumb\",\"itemListElement\":[{\"@type\":\"ListItem\",\"position\":1,\"name\":\"Portada\",\"item\":\"https:\\\/\\\/pedroapalma.com\\\/site\\\/\"},{\"@type\":\"ListItem\",\"position\":2,\"name\":\"La Asamblea Nacional y la inflaci\u00f3n\"}]},{\"@type\":\"WebSite\",\"@id\":\"https:\\\/\\\/pedroapalma.com\\\/site\\\/#website\",\"url\":\"https:\\\/\\\/pedroapalma.com\\\/site\\\/\",\"name\":\"Pedro A. Palma\",\"description\":\"Economista\",\"potentialAction\":[{\"@type\":\"SearchAction\",\"target\":{\"@type\":\"EntryPoint\",\"urlTemplate\":\"https:\\\/\\\/pedroapalma.com\\\/site\\\/?s={search_term_string}\"},\"query-input\":{\"@type\":\"PropertyValueSpecification\",\"valueRequired\":true,\"valueName\":\"search_term_string\"}}],\"inLanguage\":\"es\"},{\"@type\":\"Person\",\"@id\":\"https:\\\/\\\/pedroapalma.com\\\/site\\\/#\\\/schema\\\/person\\\/4a9b45ec462a5c230e4a639a0c256866\",\"name\":\"Mariel Torres\",\"image\":{\"@type\":\"ImageObject\",\"inLanguage\":\"es\",\"@id\":\"https:\\\/\\\/secure.gravatar.com\\\/avatar\\\/e40c6e09d294639f65ccda3de6d4aa34ba9ad132fc2f2f2295ba9d668b065c25?s=96&d=mm&r=g\",\"url\":\"https:\\\/\\\/secure.gravatar.com\\\/avatar\\\/e40c6e09d294639f65ccda3de6d4aa34ba9ad132fc2f2f2295ba9d668b065c25?s=96&d=mm&r=g\",\"contentUrl\":\"https:\\\/\\\/secure.gravatar.com\\\/avatar\\\/e40c6e09d294639f65ccda3de6d4aa34ba9ad132fc2f2f2295ba9d668b065c25?s=96&d=mm&r=g\",\"caption\":\"Mariel Torres\"}}]}<\/script>\n<!-- \/ Yoast SEO plugin. -->","yoast_head_json":{"title":"La Asamblea Nacional y la inflaci\u00f3n - Pedro A. Palma","robots":{"index":"index","follow":"follow","max-snippet":"max-snippet:-1","max-image-preview":"max-image-preview:large","max-video-preview":"max-video-preview:-1"},"canonical":"https:\/\/pedroapalma.com\/site\/la-asamblea-nacional-y-la-inflacion\/","og_locale":"es_ES","og_type":"article","og_title":"La Asamblea Nacional y la inflaci\u00f3n - Pedro A. Palma","og_description":"Para que la reforma monetaria planteada en 2006 contribuyera exitosamente a controlar la inflaci\u00f3n, era imperativo racionalizar el gasto p\u00fablico.","og_url":"https:\/\/pedroapalma.com\/site\/la-asamblea-nacional-y-la-inflacion\/","og_site_name":"Pedro A. Palma","article_published_time":"2006-09-02T22:45:23+00:00","article_modified_time":"2016-07-26T06:06:25+00:00","og_image":[{"width":998,"height":643,"url":"https:\/\/pedroapalma.com\/site\/wp-content\/uploads\/2016\/06\/url.jpe","type":"image\/jpeg"}],"author":"Mariel Torres","twitter_card":"summary_large_image","twitter_misc":{"Escrito por":"Mariel Torres","Tiempo de lectura":"2 minutos"},"schema":{"@context":"https:\/\/schema.org","@graph":[{"@type":"Article","@id":"https:\/\/pedroapalma.com\/site\/la-asamblea-nacional-y-la-inflacion\/#article","isPartOf":{"@id":"https:\/\/pedroapalma.com\/site\/la-asamblea-nacional-y-la-inflacion\/"},"author":{"name":"Mariel Torres","@id":"https:\/\/pedroapalma.com\/site\/#\/schema\/person\/4a9b45ec462a5c230e4a639a0c256866"},"headline":"La Asamblea Nacional y la inflaci\u00f3n","datePublished":"2006-09-02T22:45:23+00:00","dateModified":"2016-07-26T06:06:25+00:00","mainEntityOfPage":{"@id":"https:\/\/pedroapalma.com\/site\/la-asamblea-nacional-y-la-inflacion\/"},"wordCount":442,"commentCount":0,"image":{"@id":"https:\/\/pedroapalma.com\/site\/la-asamblea-nacional-y-la-inflacion\/#primaryimage"},"thumbnailUrl":"https:\/\/pedroapalma.com\/site\/wp-content\/uploads\/2016\/06\/url.jpe","keywords":["Aspectos Cambiarios","Aspectos Fiscales y Monetarios","Econom\u00eda venezolana","Inflaci\u00f3n","Petr\u00f3leo","Pol\u00edtica Econ\u00f3mica","Sector Externo"],"articleSection":["Art\u00edculos de opini\u00f3n","Aspectos cambiarios","Econom\u00eda venezolana","Fiscales y monetarios","Inflaci\u00f3n","Opini\u00f3n","Petr\u00f3leo","Pol\u00edtica econ\u00f3mica","Sector externo"],"inLanguage":"es","potentialAction":[{"@type":"CommentAction","name":"Comment","target":["https:\/\/pedroapalma.com\/site\/la-asamblea-nacional-y-la-inflacion\/#respond"]}]},{"@type":"WebPage","@id":"https:\/\/pedroapalma.com\/site\/la-asamblea-nacional-y-la-inflacion\/","url":"https:\/\/pedroapalma.com\/site\/la-asamblea-nacional-y-la-inflacion\/","name":"La Asamblea Nacional y la inflaci\u00f3n - Pedro A. Palma","isPartOf":{"@id":"https:\/\/pedroapalma.com\/site\/#website"},"primaryImageOfPage":{"@id":"https:\/\/pedroapalma.com\/site\/la-asamblea-nacional-y-la-inflacion\/#primaryimage"},"image":{"@id":"https:\/\/pedroapalma.com\/site\/la-asamblea-nacional-y-la-inflacion\/#primaryimage"},"thumbnailUrl":"https:\/\/pedroapalma.com\/site\/wp-content\/uploads\/2016\/06\/url.jpe","datePublished":"2006-09-02T22:45:23+00:00","dateModified":"2016-07-26T06:06:25+00:00","author":{"@id":"https:\/\/pedroapalma.com\/site\/#\/schema\/person\/4a9b45ec462a5c230e4a639a0c256866"},"breadcrumb":{"@id":"https:\/\/pedroapalma.com\/site\/la-asamblea-nacional-y-la-inflacion\/#breadcrumb"},"inLanguage":"es","potentialAction":[{"@type":"ReadAction","target":["https:\/\/pedroapalma.com\/site\/la-asamblea-nacional-y-la-inflacion\/"]}]},{"@type":"ImageObject","inLanguage":"es","@id":"https:\/\/pedroapalma.com\/site\/la-asamblea-nacional-y-la-inflacion\/#primaryimage","url":"https:\/\/pedroapalma.com\/site\/wp-content\/uploads\/2016\/06\/url.jpe","contentUrl":"https:\/\/pedroapalma.com\/site\/wp-content\/uploads\/2016\/06\/url.jpe","width":998,"height":643},{"@type":"BreadcrumbList","@id":"https:\/\/pedroapalma.com\/site\/la-asamblea-nacional-y-la-inflacion\/#breadcrumb","itemListElement":[{"@type":"ListItem","position":1,"name":"Portada","item":"https:\/\/pedroapalma.com\/site\/"},{"@type":"ListItem","position":2,"name":"La Asamblea Nacional y la inflaci\u00f3n"}]},{"@type":"WebSite","@id":"https:\/\/pedroapalma.com\/site\/#website","url":"https:\/\/pedroapalma.com\/site\/","name":"Pedro A. Palma","description":"Economista","potentialAction":[{"@type":"SearchAction","target":{"@type":"EntryPoint","urlTemplate":"https:\/\/pedroapalma.com\/site\/?s={search_term_string}"},"query-input":{"@type":"PropertyValueSpecification","valueRequired":true,"valueName":"search_term_string"}}],"inLanguage":"es"},{"@type":"Person","@id":"https:\/\/pedroapalma.com\/site\/#\/schema\/person\/4a9b45ec462a5c230e4a639a0c256866","name":"Mariel Torres","image":{"@type":"ImageObject","inLanguage":"es","@id":"https:\/\/secure.gravatar.com\/avatar\/e40c6e09d294639f65ccda3de6d4aa34ba9ad132fc2f2f2295ba9d668b065c25?s=96&d=mm&r=g","url":"https:\/\/secure.gravatar.com\/avatar\/e40c6e09d294639f65ccda3de6d4aa34ba9ad132fc2f2f2295ba9d668b065c25?s=96&d=mm&r=g","contentUrl":"https:\/\/secure.gravatar.com\/avatar\/e40c6e09d294639f65ccda3de6d4aa34ba9ad132fc2f2f2295ba9d668b065c25?s=96&d=mm&r=g","caption":"Mariel Torres"}}]}},"_links":{"self":[{"href":"https:\/\/pedroapalma.com\/site\/wp-json\/wp\/v2\/posts\/1704","targetHints":{"allow":["GET"]}}],"collection":[{"href":"https:\/\/pedroapalma.com\/site\/wp-json\/wp\/v2\/posts"}],"about":[{"href":"https:\/\/pedroapalma.com\/site\/wp-json\/wp\/v2\/types\/post"}],"author":[{"embeddable":true,"href":"https:\/\/pedroapalma.com\/site\/wp-json\/wp\/v2\/users\/3"}],"replies":[{"embeddable":true,"href":"https:\/\/pedroapalma.com\/site\/wp-json\/wp\/v2\/comments?post=1704"}],"version-history":[{"count":3,"href":"https:\/\/pedroapalma.com\/site\/wp-json\/wp\/v2\/posts\/1704\/revisions"}],"predecessor-version":[{"id":2601,"href":"https:\/\/pedroapalma.com\/site\/wp-json\/wp\/v2\/posts\/1704\/revisions\/2601"}],"wp:featuredmedia":[{"embeddable":true,"href":"https:\/\/pedroapalma.com\/site\/wp-json\/wp\/v2\/media\/1726"}],"wp:attachment":[{"href":"https:\/\/pedroapalma.com\/site\/wp-json\/wp\/v2\/media?parent=1704"}],"wp:term":[{"taxonomy":"category","embeddable":true,"href":"https:\/\/pedroapalma.com\/site\/wp-json\/wp\/v2\/categories?post=1704"},{"taxonomy":"post_tag","embeddable":true,"href":"https:\/\/pedroapalma.com\/site\/wp-json\/wp\/v2\/tags?post=1704"}],"curies":[{"name":"wp","href":"https:\/\/api.w.org\/{rel}","templated":true}]}}