{"id":1596,"date":"2006-03-18T02:40:50","date_gmt":"2006-03-18T02:40:50","guid":{"rendered":"http:\/\/www.tmsdesarrolladores.com\/pedropalma\/?p=1596"},"modified":"2016-07-10T14:56:37","modified_gmt":"2016-07-10T14:56:37","slug":"fonden-y-la-oferta-monetaria","status":"publish","type":"post","link":"https:\/\/pedroapalma.com\/site\/fonden-y-la-oferta-monetaria\/","title":{"rendered":"Fonden y la oferta monetaria"},"content":{"rendered":"<p>Publicado en el diario \u00abEl Universal\u00bb de Caracas. S\u00e1bado 18 de marzo de 2006<\/p>\n<p>&nbsp;<\/p>\n<p>Voceros gubernamentales han dicho que al utilizarse los d\u00f3lares depositados en el Fondo de Desarrollo Nacional (Fonden) s\u00f3lo para realizar pagos externos, su uso no tendr\u00e1 implicaciones monetarias dentro de Venezuela. Eso no es del todo cierto, ya que la mayor parte de esos recursos provienen de las reservas internacionales del BCV, organismo que compr\u00f3 esas divisas, principalmente a PDVSA, con bol\u00edvares que cre\u00f3 para tal fin, vi\u00e9ndose luego obligado a transferir a Fonden parte de esas reservas sin recibir compensaci\u00f3n alguna.<\/p>\n<p>Antes de que se modificara la Ley del BCV a mediados del a\u00f1o pasado, el gobierno \u2014que percibe la mayor parte de los bol\u00edvares creados por el instituto emisor para adquirir los d\u00f3lares de PDVSA a trav\u00e9s del cobro a esa empresa de distintos impuestos\u2014 ten\u00eda que comprar al BCV las divisas que necesitaba para hacer pagos en el exterior a cambio de bol\u00edvares. De esta forma se reduc\u00eda la cantidad de recursos con que contaba el Fisco para gastar internamente, limit\u00e1ndose as\u00ed la expansi\u00f3n monetaria.<\/p>\n<p>Ahora, despu\u00e9s de la modificaci\u00f3n de la ley, si el gobierno utiliza los d\u00f3lares depositados en Fonden que recibe del BCV para hacer pagos en el exterior, ya no tiene que comprarle \u00e9stos al instituto emisor, pudiendo disponer de m\u00e1s bol\u00edvares para gastarlos internamente, expandiendo as\u00ed la oferta monetaria en poder del p\u00fablico. Eso es algo muy preocupante.<\/p>\n<p>Para hacernos una idea de las magnitudes de las de que estamos hablando, basta decir que en 2005 el BCV le transfiri\u00f3 a Fonden 6 millardos de d\u00f3lares, y se acaba de aprobar la transferencia de 4 millardos adicionales. Si el gobierno efectivamente gasta esos 10 millardos de d\u00f3lares para hacer pagos en el exterior se estar\u00eda ahorrando 21,5 billones de bol\u00edvares que ahora los puede inyectar a la econom\u00eda a trav\u00e9s de gasto fiscal, en vez de d\u00e1rselos al BCV. Esa cifra es igual a la base monetaria actual, y equivale al 25% del presupuesto nacional de este a\u00f1o, y al 30% de la liquidez monetaria que hoy existe.<\/p>\n<p>Esto forzar\u00e1 al BCV a redoblar sus esfuerzos de absorci\u00f3n monetaria para as\u00ed neutralizar los efectos inflacionarios de una oferta monetaria que crece a ritmos cada vez m\u00e1s disparatados. Ello implicar\u00e1 un costo muy alto para ese ente, el cual, lejos de estarse fortaleciendo, se est\u00e1 descapitalizando en forma alarmante por la transferencia obligada de las reservas internacionales \u201cexcedentes\u201d al gobierno.<\/p>\n<p>&nbsp;<\/p>\n<h6>Imagen: <span class=\"_r3\"><span class=\"irc_ho\" dir=\"ltr\">correodelorinoco.gob.ve<\/span><\/span><\/h6>\n","protected":false},"excerpt":{"rendered":"<p>Aunque el gobierno gastare todos los d\u00f3lares de Fonden en el exterior, eso tendr\u00eda importantes implicaciones monetarias internas<\/p>\n","protected":false},"author":3,"featured_media":1615,"comment_status":"open","ping_status":"open","sticky":false,"template":"","format":"standard","meta":{"footnotes":""},"categories":[14,17,19,21,11,22,26],"tags":[110,61,179,506,74,112,129],"class_list":["post-1596","post","type-post","status-publish","format-standard","has-post-thumbnail","hentry","category-articulos-de-opinion","category-economia-venezolana","category-fiscales-y-monetarios","category-inflacion","category-opinion","category-politica-economica","category-sector-externo","tag-aspectos-fiscales-y-monetarios","tag-economia-venezolana","tag-fonden","tag-implicaciones-monetarias","tag-inflacion","tag-politica-economica","tag-sector-externo"],"yoast_head":"<!-- This site is optimized with the Yoast SEO plugin v27.4 - https:\/\/yoast.com\/product\/yoast-seo-wordpress\/ -->\n<title>Fonden y la oferta monetaria - Pedro A. Palma<\/title>\n<meta name=\"robots\" content=\"index, follow, max-snippet:-1, max-image-preview:large, max-video-preview:-1\" \/>\n<link rel=\"canonical\" href=\"https:\/\/pedroapalma.com\/site\/fonden-y-la-oferta-monetaria\/\" \/>\n<meta property=\"og:locale\" content=\"es_ES\" \/>\n<meta property=\"og:type\" content=\"article\" \/>\n<meta property=\"og:title\" content=\"Fonden y la oferta monetaria - Pedro A. Palma\" \/>\n<meta property=\"og:description\" content=\"Aunque el gobierno gastare todos los d\u00f3lares de Fonden en el exterior, eso tendr\u00eda importantes implicaciones monetarias internas\" \/>\n<meta property=\"og:url\" content=\"https:\/\/pedroapalma.com\/site\/fonden-y-la-oferta-monetaria\/\" \/>\n<meta property=\"og:site_name\" content=\"Pedro A. Palma\" \/>\n<meta property=\"article:published_time\" content=\"2006-03-18T02:40:50+00:00\" \/>\n<meta property=\"article:modified_time\" content=\"2016-07-10T14:56:37+00:00\" \/>\n<meta property=\"og:image\" content=\"https:\/\/pedroapalma.com\/site\/wp-content\/uploads\/2016\/05\/bolivares-1.jpg\" \/>\n\t<meta property=\"og:image:width\" content=\"980\" \/>\n\t<meta property=\"og:image:height\" content=\"600\" \/>\n\t<meta property=\"og:image:type\" content=\"image\/jpeg\" \/>\n<meta name=\"author\" content=\"Mariel Torres\" \/>\n<meta name=\"twitter:card\" content=\"summary_large_image\" \/>\n<meta name=\"twitter:label1\" content=\"Escrito por\" \/>\n\t<meta name=\"twitter:data1\" content=\"Mariel Torres\" \/>\n\t<meta name=\"twitter:label2\" content=\"Tiempo de lectura\" \/>\n\t<meta name=\"twitter:data2\" content=\"2 minutos\" \/>\n<script type=\"application\/ld+json\" class=\"yoast-schema-graph\">{\"@context\":\"https:\\\/\\\/schema.org\",\"@graph\":[{\"@type\":\"Article\",\"@id\":\"https:\\\/\\\/pedroapalma.com\\\/site\\\/fonden-y-la-oferta-monetaria\\\/#article\",\"isPartOf\":{\"@id\":\"https:\\\/\\\/pedroapalma.com\\\/site\\\/fonden-y-la-oferta-monetaria\\\/\"},\"author\":{\"name\":\"Mariel Torres\",\"@id\":\"https:\\\/\\\/pedroapalma.com\\\/site\\\/#\\\/schema\\\/person\\\/4a9b45ec462a5c230e4a639a0c256866\"},\"headline\":\"Fonden y la oferta monetaria\",\"datePublished\":\"2006-03-18T02:40:50+00:00\",\"dateModified\":\"2016-07-10T14:56:37+00:00\",\"mainEntityOfPage\":{\"@id\":\"https:\\\/\\\/pedroapalma.com\\\/site\\\/fonden-y-la-oferta-monetaria\\\/\"},\"wordCount\":444,\"commentCount\":0,\"image\":{\"@id\":\"https:\\\/\\\/pedroapalma.com\\\/site\\\/fonden-y-la-oferta-monetaria\\\/#primaryimage\"},\"thumbnailUrl\":\"https:\\\/\\\/pedroapalma.com\\\/site\\\/wp-content\\\/uploads\\\/2016\\\/05\\\/bolivares-1.jpg\",\"keywords\":[\"Aspectos Fiscales y Monetarios\",\"Econom\u00eda venezolana\",\"Fonden\",\"Implicaciones monetarias\",\"Inflaci\u00f3n\",\"Pol\u00edtica Econ\u00f3mica\",\"Sector Externo\"],\"articleSection\":[\"Art\u00edculos de opini\u00f3n\",\"Econom\u00eda venezolana\",\"Fiscales y monetarios\",\"Inflaci\u00f3n\",\"Opini\u00f3n\",\"Pol\u00edtica econ\u00f3mica\",\"Sector externo\"],\"inLanguage\":\"es\",\"potentialAction\":[{\"@type\":\"CommentAction\",\"name\":\"Comment\",\"target\":[\"https:\\\/\\\/pedroapalma.com\\\/site\\\/fonden-y-la-oferta-monetaria\\\/#respond\"]}]},{\"@type\":\"WebPage\",\"@id\":\"https:\\\/\\\/pedroapalma.com\\\/site\\\/fonden-y-la-oferta-monetaria\\\/\",\"url\":\"https:\\\/\\\/pedroapalma.com\\\/site\\\/fonden-y-la-oferta-monetaria\\\/\",\"name\":\"Fonden y la oferta monetaria - Pedro A. Palma\",\"isPartOf\":{\"@id\":\"https:\\\/\\\/pedroapalma.com\\\/site\\\/#website\"},\"primaryImageOfPage\":{\"@id\":\"https:\\\/\\\/pedroapalma.com\\\/site\\\/fonden-y-la-oferta-monetaria\\\/#primaryimage\"},\"image\":{\"@id\":\"https:\\\/\\\/pedroapalma.com\\\/site\\\/fonden-y-la-oferta-monetaria\\\/#primaryimage\"},\"thumbnailUrl\":\"https:\\\/\\\/pedroapalma.com\\\/site\\\/wp-content\\\/uploads\\\/2016\\\/05\\\/bolivares-1.jpg\",\"datePublished\":\"2006-03-18T02:40:50+00:00\",\"dateModified\":\"2016-07-10T14:56:37+00:00\",\"author\":{\"@id\":\"https:\\\/\\\/pedroapalma.com\\\/site\\\/#\\\/schema\\\/person\\\/4a9b45ec462a5c230e4a639a0c256866\"},\"breadcrumb\":{\"@id\":\"https:\\\/\\\/pedroapalma.com\\\/site\\\/fonden-y-la-oferta-monetaria\\\/#breadcrumb\"},\"inLanguage\":\"es\",\"potentialAction\":[{\"@type\":\"ReadAction\",\"target\":[\"https:\\\/\\\/pedroapalma.com\\\/site\\\/fonden-y-la-oferta-monetaria\\\/\"]}]},{\"@type\":\"ImageObject\",\"inLanguage\":\"es\",\"@id\":\"https:\\\/\\\/pedroapalma.com\\\/site\\\/fonden-y-la-oferta-monetaria\\\/#primaryimage\",\"url\":\"https:\\\/\\\/pedroapalma.com\\\/site\\\/wp-content\\\/uploads\\\/2016\\\/05\\\/bolivares-1.jpg\",\"contentUrl\":\"https:\\\/\\\/pedroapalma.com\\\/site\\\/wp-content\\\/uploads\\\/2016\\\/05\\\/bolivares-1.jpg\",\"width\":980,\"height\":600},{\"@type\":\"BreadcrumbList\",\"@id\":\"https:\\\/\\\/pedroapalma.com\\\/site\\\/fonden-y-la-oferta-monetaria\\\/#breadcrumb\",\"itemListElement\":[{\"@type\":\"ListItem\",\"position\":1,\"name\":\"Portada\",\"item\":\"https:\\\/\\\/pedroapalma.com\\\/site\\\/\"},{\"@type\":\"ListItem\",\"position\":2,\"name\":\"Fonden y la oferta monetaria\"}]},{\"@type\":\"WebSite\",\"@id\":\"https:\\\/\\\/pedroapalma.com\\\/site\\\/#website\",\"url\":\"https:\\\/\\\/pedroapalma.com\\\/site\\\/\",\"name\":\"Pedro A. Palma\",\"description\":\"Economista\",\"potentialAction\":[{\"@type\":\"SearchAction\",\"target\":{\"@type\":\"EntryPoint\",\"urlTemplate\":\"https:\\\/\\\/pedroapalma.com\\\/site\\\/?s={search_term_string}\"},\"query-input\":{\"@type\":\"PropertyValueSpecification\",\"valueRequired\":true,\"valueName\":\"search_term_string\"}}],\"inLanguage\":\"es\"},{\"@type\":\"Person\",\"@id\":\"https:\\\/\\\/pedroapalma.com\\\/site\\\/#\\\/schema\\\/person\\\/4a9b45ec462a5c230e4a639a0c256866\",\"name\":\"Mariel Torres\",\"image\":{\"@type\":\"ImageObject\",\"inLanguage\":\"es\",\"@id\":\"https:\\\/\\\/secure.gravatar.com\\\/avatar\\\/e40c6e09d294639f65ccda3de6d4aa34ba9ad132fc2f2f2295ba9d668b065c25?s=96&d=mm&r=g\",\"url\":\"https:\\\/\\\/secure.gravatar.com\\\/avatar\\\/e40c6e09d294639f65ccda3de6d4aa34ba9ad132fc2f2f2295ba9d668b065c25?s=96&d=mm&r=g\",\"contentUrl\":\"https:\\\/\\\/secure.gravatar.com\\\/avatar\\\/e40c6e09d294639f65ccda3de6d4aa34ba9ad132fc2f2f2295ba9d668b065c25?s=96&d=mm&r=g\",\"caption\":\"Mariel Torres\"}}]}<\/script>\n<!-- \/ Yoast SEO plugin. -->","yoast_head_json":{"title":"Fonden y la oferta monetaria - Pedro A. Palma","robots":{"index":"index","follow":"follow","max-snippet":"max-snippet:-1","max-image-preview":"max-image-preview:large","max-video-preview":"max-video-preview:-1"},"canonical":"https:\/\/pedroapalma.com\/site\/fonden-y-la-oferta-monetaria\/","og_locale":"es_ES","og_type":"article","og_title":"Fonden y la oferta monetaria - Pedro A. Palma","og_description":"Aunque el gobierno gastare todos los d\u00f3lares de Fonden en el exterior, eso tendr\u00eda importantes implicaciones monetarias internas","og_url":"https:\/\/pedroapalma.com\/site\/fonden-y-la-oferta-monetaria\/","og_site_name":"Pedro A. Palma","article_published_time":"2006-03-18T02:40:50+00:00","article_modified_time":"2016-07-10T14:56:37+00:00","og_image":[{"width":980,"height":600,"url":"https:\/\/pedroapalma.com\/site\/wp-content\/uploads\/2016\/05\/bolivares-1.jpg","type":"image\/jpeg"}],"author":"Mariel Torres","twitter_card":"summary_large_image","twitter_misc":{"Escrito por":"Mariel Torres","Tiempo de lectura":"2 minutos"},"schema":{"@context":"https:\/\/schema.org","@graph":[{"@type":"Article","@id":"https:\/\/pedroapalma.com\/site\/fonden-y-la-oferta-monetaria\/#article","isPartOf":{"@id":"https:\/\/pedroapalma.com\/site\/fonden-y-la-oferta-monetaria\/"},"author":{"name":"Mariel Torres","@id":"https:\/\/pedroapalma.com\/site\/#\/schema\/person\/4a9b45ec462a5c230e4a639a0c256866"},"headline":"Fonden y la oferta monetaria","datePublished":"2006-03-18T02:40:50+00:00","dateModified":"2016-07-10T14:56:37+00:00","mainEntityOfPage":{"@id":"https:\/\/pedroapalma.com\/site\/fonden-y-la-oferta-monetaria\/"},"wordCount":444,"commentCount":0,"image":{"@id":"https:\/\/pedroapalma.com\/site\/fonden-y-la-oferta-monetaria\/#primaryimage"},"thumbnailUrl":"https:\/\/pedroapalma.com\/site\/wp-content\/uploads\/2016\/05\/bolivares-1.jpg","keywords":["Aspectos Fiscales y Monetarios","Econom\u00eda venezolana","Fonden","Implicaciones monetarias","Inflaci\u00f3n","Pol\u00edtica Econ\u00f3mica","Sector Externo"],"articleSection":["Art\u00edculos de opini\u00f3n","Econom\u00eda venezolana","Fiscales y monetarios","Inflaci\u00f3n","Opini\u00f3n","Pol\u00edtica econ\u00f3mica","Sector externo"],"inLanguage":"es","potentialAction":[{"@type":"CommentAction","name":"Comment","target":["https:\/\/pedroapalma.com\/site\/fonden-y-la-oferta-monetaria\/#respond"]}]},{"@type":"WebPage","@id":"https:\/\/pedroapalma.com\/site\/fonden-y-la-oferta-monetaria\/","url":"https:\/\/pedroapalma.com\/site\/fonden-y-la-oferta-monetaria\/","name":"Fonden y la oferta monetaria - Pedro A. Palma","isPartOf":{"@id":"https:\/\/pedroapalma.com\/site\/#website"},"primaryImageOfPage":{"@id":"https:\/\/pedroapalma.com\/site\/fonden-y-la-oferta-monetaria\/#primaryimage"},"image":{"@id":"https:\/\/pedroapalma.com\/site\/fonden-y-la-oferta-monetaria\/#primaryimage"},"thumbnailUrl":"https:\/\/pedroapalma.com\/site\/wp-content\/uploads\/2016\/05\/bolivares-1.jpg","datePublished":"2006-03-18T02:40:50+00:00","dateModified":"2016-07-10T14:56:37+00:00","author":{"@id":"https:\/\/pedroapalma.com\/site\/#\/schema\/person\/4a9b45ec462a5c230e4a639a0c256866"},"breadcrumb":{"@id":"https:\/\/pedroapalma.com\/site\/fonden-y-la-oferta-monetaria\/#breadcrumb"},"inLanguage":"es","potentialAction":[{"@type":"ReadAction","target":["https:\/\/pedroapalma.com\/site\/fonden-y-la-oferta-monetaria\/"]}]},{"@type":"ImageObject","inLanguage":"es","@id":"https:\/\/pedroapalma.com\/site\/fonden-y-la-oferta-monetaria\/#primaryimage","url":"https:\/\/pedroapalma.com\/site\/wp-content\/uploads\/2016\/05\/bolivares-1.jpg","contentUrl":"https:\/\/pedroapalma.com\/site\/wp-content\/uploads\/2016\/05\/bolivares-1.jpg","width":980,"height":600},{"@type":"BreadcrumbList","@id":"https:\/\/pedroapalma.com\/site\/fonden-y-la-oferta-monetaria\/#breadcrumb","itemListElement":[{"@type":"ListItem","position":1,"name":"Portada","item":"https:\/\/pedroapalma.com\/site\/"},{"@type":"ListItem","position":2,"name":"Fonden y la oferta monetaria"}]},{"@type":"WebSite","@id":"https:\/\/pedroapalma.com\/site\/#website","url":"https:\/\/pedroapalma.com\/site\/","name":"Pedro A. Palma","description":"Economista","potentialAction":[{"@type":"SearchAction","target":{"@type":"EntryPoint","urlTemplate":"https:\/\/pedroapalma.com\/site\/?s={search_term_string}"},"query-input":{"@type":"PropertyValueSpecification","valueRequired":true,"valueName":"search_term_string"}}],"inLanguage":"es"},{"@type":"Person","@id":"https:\/\/pedroapalma.com\/site\/#\/schema\/person\/4a9b45ec462a5c230e4a639a0c256866","name":"Mariel Torres","image":{"@type":"ImageObject","inLanguage":"es","@id":"https:\/\/secure.gravatar.com\/avatar\/e40c6e09d294639f65ccda3de6d4aa34ba9ad132fc2f2f2295ba9d668b065c25?s=96&d=mm&r=g","url":"https:\/\/secure.gravatar.com\/avatar\/e40c6e09d294639f65ccda3de6d4aa34ba9ad132fc2f2f2295ba9d668b065c25?s=96&d=mm&r=g","contentUrl":"https:\/\/secure.gravatar.com\/avatar\/e40c6e09d294639f65ccda3de6d4aa34ba9ad132fc2f2f2295ba9d668b065c25?s=96&d=mm&r=g","caption":"Mariel Torres"}}]}},"_links":{"self":[{"href":"https:\/\/pedroapalma.com\/site\/wp-json\/wp\/v2\/posts\/1596","targetHints":{"allow":["GET"]}}],"collection":[{"href":"https:\/\/pedroapalma.com\/site\/wp-json\/wp\/v2\/posts"}],"about":[{"href":"https:\/\/pedroapalma.com\/site\/wp-json\/wp\/v2\/types\/post"}],"author":[{"embeddable":true,"href":"https:\/\/pedroapalma.com\/site\/wp-json\/wp\/v2\/users\/3"}],"replies":[{"embeddable":true,"href":"https:\/\/pedroapalma.com\/site\/wp-json\/wp\/v2\/comments?post=1596"}],"version-history":[{"count":2,"href":"https:\/\/pedroapalma.com\/site\/wp-json\/wp\/v2\/posts\/1596\/revisions"}],"predecessor-version":[{"id":2536,"href":"https:\/\/pedroapalma.com\/site\/wp-json\/wp\/v2\/posts\/1596\/revisions\/2536"}],"wp:featuredmedia":[{"embeddable":true,"href":"https:\/\/pedroapalma.com\/site\/wp-json\/wp\/v2\/media\/1615"}],"wp:attachment":[{"href":"https:\/\/pedroapalma.com\/site\/wp-json\/wp\/v2\/media?parent=1596"}],"wp:term":[{"taxonomy":"category","embeddable":true,"href":"https:\/\/pedroapalma.com\/site\/wp-json\/wp\/v2\/categories?post=1596"},{"taxonomy":"post_tag","embeddable":true,"href":"https:\/\/pedroapalma.com\/site\/wp-json\/wp\/v2\/tags?post=1596"}],"curies":[{"name":"wp","href":"https:\/\/api.w.org\/{rel}","templated":true}]}}