{"id":1194,"date":"2005-12-24T19:18:14","date_gmt":"2005-12-24T19:18:14","guid":{"rendered":"http:\/\/www.tmsdesarrolladores.com\/pedropalma\/?p=1194"},"modified":"2016-07-09T07:30:55","modified_gmt":"2016-07-09T07:30:55","slug":"balance-del-2005","status":"publish","type":"post","link":"https:\/\/pedroapalma.com\/site\/balance-del-2005\/","title":{"rendered":"Balance del 2005"},"content":{"rendered":"<p>Publicado en el diario \u201cEl Universal\u201d de Caracas. S\u00e1bado 24 de diciembre de 2005<\/p>\n<p>&nbsp;<\/p>\n<p>El substancial incremento de los precios petroleros ha generado, por una parte, un aumento notable de las exportaciones de hidrocarburos y, por la otra, una mayor disponibilidad de recursos para el Fisco. Los altos ingresos petroleros, combinados con la abultada recaudaci\u00f3n de tributos internos, llevaron al gobierno a implantar una pol\u00edtica de gasto fuertemente expansiva, a trav\u00e9s de la cual se inyectaron a la econom\u00eda los recursos adicionales que se percibieron, haciendo que la oferta monetaria en poder del p\u00fablico creciera muy intensamente y que las tasas de inter\u00e9s se redujeran, estimul\u00e1ndose as\u00ed la actividad crediticia.<\/p>\n<p>Las mayores erogaciones del sector p\u00fablico, y el importante crecimiento de la demanda privada en respuesta a la mayor disponibilidad de recursos, estimularon la actividad productiva interna, particularmente la de algunos sectores tales como comercio, financiero, transporte, comunicaciones, construcci\u00f3n, automotriz y otros de car\u00e1cter fabril. Por ello se espera que en el 2005 el crecimiento del PIB total sea superior al 9%, y que el del PIB no petrolero sobrepase el 10%, siendo las actividades privadas las que mayor dinamismo experimentaron. Ello se reflej\u00f3 favorablemente en el sector laboral, haciendo que las tasas de desempleo y de subempleo se redujeran, aunque a\u00fan \u00e9stas se ubican en niveles muy elevados.<\/p>\n<p>La inflaci\u00f3n se mantuvo alta (15%), pero mostr\u00f3 una leve tendencia a la baja, a pesar del desproporcionado aumento de la oferta monetaria y del s\u00f3lido crecimiento del consumo.\u00a0 Ello se debi\u00f3, principalmente, a los cuantiosos subsidios otorgados por el gobierno a trav\u00e9s de Mercal y de las distintas misiones, a los f\u00e9rreos controles de precios y a las masivas importaciones realizadas, muchas de ellas altamente subvencionadas.<\/p>\n<p>Las transacciones externas, por su parte, arrojaron resultados muy favorables.\u00a0 A pesar de las desenfrenadas compras externas, las abultadas exportaciones petroleras generaron super\u00e1vits muy elevados a nivel comercial y de la cuenta corriente de la balanza de pagos, contribuyendo esto a aumentar substancialmente las reservas internacionales.<\/p>\n<p>En s\u00edntesis, los resultados de 2005 fueron favorables, pero ello fue producto de una pol\u00edtica econ\u00f3mica posibilitada por una coyuntura externa no sostenible en el mediano plazo. Nuestra econom\u00eda sigue siendo muy vulnerable a los vol\u00e1tiles e incontrolables vaivenes del negocio petrolero.<\/p>\n<p>&nbsp;<\/p>\n<p>&nbsp;<\/p>\n<h6>Imagen: N<span class=\"_r3\"><span class=\"irc_ho\" dir=\"ltr\">exoseconomicos.com<\/span><\/span><\/h6>\n","protected":false},"excerpt":{"rendered":"<p>Los resultados macroecon\u00f3micos de 2005 fueron favorables, pero esa bonanza no luc\u00eda sostenible en el mediano plazo<\/p>\n","protected":false},"author":3,"featured_media":1221,"comment_status":"open","ping_status":"open","sticky":false,"template":"","format":"standard","meta":{"footnotes":""},"categories":[14,20,17,19,21,11,23,22,26],"tags":[111,110,345,61,74,32,112,129],"class_list":["post-1194","post","type-post","status-publish","format-standard","has-post-thumbnail","hentry","category-articulos-de-opinion","category-aspectos-cambiarios","category-economia-venezolana","category-fiscales-y-monetarios","category-inflacion","category-opinion","category-petroleo","category-politica-economica","category-sector-externo","tag-aspectos-cambiarios","tag-aspectos-fiscales-y-monetarios","tag-balance-2005","tag-economia-venezolana","tag-inflacion","tag-petroleo","tag-politica-economica","tag-sector-externo"],"yoast_head":"<!-- This site is optimized with the Yoast SEO plugin v27.4 - https:\/\/yoast.com\/product\/yoast-seo-wordpress\/ -->\n<title>Balance del 2005 - Pedro A. Palma<\/title>\n<meta name=\"robots\" content=\"index, follow, max-snippet:-1, max-image-preview:large, max-video-preview:-1\" \/>\n<link rel=\"canonical\" href=\"https:\/\/pedroapalma.com\/site\/balance-del-2005\/\" \/>\n<meta property=\"og:locale\" content=\"es_ES\" \/>\n<meta property=\"og:type\" content=\"article\" \/>\n<meta property=\"og:title\" content=\"Balance del 2005 - Pedro A. Palma\" \/>\n<meta property=\"og:description\" content=\"Los resultados macroecon\u00f3micos de 2005 fueron favorables, pero esa bonanza no luc\u00eda sostenible en el mediano plazo\" \/>\n<meta property=\"og:url\" content=\"https:\/\/pedroapalma.com\/site\/balance-del-2005\/\" \/>\n<meta property=\"og:site_name\" content=\"Pedro A. Palma\" \/>\n<meta property=\"article:published_time\" content=\"2005-12-24T19:18:14+00:00\" \/>\n<meta property=\"article:modified_time\" content=\"2016-07-09T07:30:55+00:00\" \/>\n<meta property=\"og:image\" content=\"https:\/\/pedroapalma.com\/site\/wp-content\/uploads\/2016\/05\/balance-1024x683.jpg\" \/>\n\t<meta property=\"og:image:width\" content=\"1024\" \/>\n\t<meta property=\"og:image:height\" content=\"683\" \/>\n\t<meta property=\"og:image:type\" content=\"image\/jpeg\" \/>\n<meta name=\"author\" content=\"Mariel Torres\" \/>\n<meta name=\"twitter:card\" content=\"summary_large_image\" \/>\n<meta name=\"twitter:label1\" content=\"Escrito por\" \/>\n\t<meta name=\"twitter:data1\" content=\"Mariel Torres\" \/>\n\t<meta name=\"twitter:label2\" content=\"Tiempo de lectura\" \/>\n\t<meta name=\"twitter:data2\" content=\"2 minutos\" \/>\n<script type=\"application\/ld+json\" class=\"yoast-schema-graph\">{\"@context\":\"https:\\\/\\\/schema.org\",\"@graph\":[{\"@type\":\"Article\",\"@id\":\"https:\\\/\\\/pedroapalma.com\\\/site\\\/balance-del-2005\\\/#article\",\"isPartOf\":{\"@id\":\"https:\\\/\\\/pedroapalma.com\\\/site\\\/balance-del-2005\\\/\"},\"author\":{\"name\":\"Mariel Torres\",\"@id\":\"https:\\\/\\\/pedroapalma.com\\\/site\\\/#\\\/schema\\\/person\\\/4a9b45ec462a5c230e4a639a0c256866\"},\"headline\":\"Balance del 2005\",\"datePublished\":\"2005-12-24T19:18:14+00:00\",\"dateModified\":\"2016-07-09T07:30:55+00:00\",\"mainEntityOfPage\":{\"@id\":\"https:\\\/\\\/pedroapalma.com\\\/site\\\/balance-del-2005\\\/\"},\"wordCount\":398,\"commentCount\":0,\"image\":{\"@id\":\"https:\\\/\\\/pedroapalma.com\\\/site\\\/balance-del-2005\\\/#primaryimage\"},\"thumbnailUrl\":\"https:\\\/\\\/pedroapalma.com\\\/site\\\/wp-content\\\/uploads\\\/2016\\\/05\\\/balance.jpg\",\"keywords\":[\"Aspectos Cambiarios\",\"Aspectos Fiscales y Monetarios\",\"Balance 2005\",\"Econom\u00eda venezolana\",\"Inflaci\u00f3n\",\"Petr\u00f3leo\",\"Pol\u00edtica Econ\u00f3mica\",\"Sector Externo\"],\"articleSection\":[\"Art\u00edculos de opini\u00f3n\",\"Aspectos cambiarios\",\"Econom\u00eda venezolana\",\"Fiscales y monetarios\",\"Inflaci\u00f3n\",\"Opini\u00f3n\",\"Petr\u00f3leo\",\"Pol\u00edtica econ\u00f3mica\",\"Sector externo\"],\"inLanguage\":\"es\",\"potentialAction\":[{\"@type\":\"CommentAction\",\"name\":\"Comment\",\"target\":[\"https:\\\/\\\/pedroapalma.com\\\/site\\\/balance-del-2005\\\/#respond\"]}]},{\"@type\":\"WebPage\",\"@id\":\"https:\\\/\\\/pedroapalma.com\\\/site\\\/balance-del-2005\\\/\",\"url\":\"https:\\\/\\\/pedroapalma.com\\\/site\\\/balance-del-2005\\\/\",\"name\":\"Balance del 2005 - Pedro A. Palma\",\"isPartOf\":{\"@id\":\"https:\\\/\\\/pedroapalma.com\\\/site\\\/#website\"},\"primaryImageOfPage\":{\"@id\":\"https:\\\/\\\/pedroapalma.com\\\/site\\\/balance-del-2005\\\/#primaryimage\"},\"image\":{\"@id\":\"https:\\\/\\\/pedroapalma.com\\\/site\\\/balance-del-2005\\\/#primaryimage\"},\"thumbnailUrl\":\"https:\\\/\\\/pedroapalma.com\\\/site\\\/wp-content\\\/uploads\\\/2016\\\/05\\\/balance.jpg\",\"datePublished\":\"2005-12-24T19:18:14+00:00\",\"dateModified\":\"2016-07-09T07:30:55+00:00\",\"author\":{\"@id\":\"https:\\\/\\\/pedroapalma.com\\\/site\\\/#\\\/schema\\\/person\\\/4a9b45ec462a5c230e4a639a0c256866\"},\"breadcrumb\":{\"@id\":\"https:\\\/\\\/pedroapalma.com\\\/site\\\/balance-del-2005\\\/#breadcrumb\"},\"inLanguage\":\"es\",\"potentialAction\":[{\"@type\":\"ReadAction\",\"target\":[\"https:\\\/\\\/pedroapalma.com\\\/site\\\/balance-del-2005\\\/\"]}]},{\"@type\":\"ImageObject\",\"inLanguage\":\"es\",\"@id\":\"https:\\\/\\\/pedroapalma.com\\\/site\\\/balance-del-2005\\\/#primaryimage\",\"url\":\"https:\\\/\\\/pedroapalma.com\\\/site\\\/wp-content\\\/uploads\\\/2016\\\/05\\\/balance.jpg\",\"contentUrl\":\"https:\\\/\\\/pedroapalma.com\\\/site\\\/wp-content\\\/uploads\\\/2016\\\/05\\\/balance.jpg\",\"width\":4800,\"height\":3200},{\"@type\":\"BreadcrumbList\",\"@id\":\"https:\\\/\\\/pedroapalma.com\\\/site\\\/balance-del-2005\\\/#breadcrumb\",\"itemListElement\":[{\"@type\":\"ListItem\",\"position\":1,\"name\":\"Portada\",\"item\":\"https:\\\/\\\/pedroapalma.com\\\/site\\\/\"},{\"@type\":\"ListItem\",\"position\":2,\"name\":\"Balance del 2005\"}]},{\"@type\":\"WebSite\",\"@id\":\"https:\\\/\\\/pedroapalma.com\\\/site\\\/#website\",\"url\":\"https:\\\/\\\/pedroapalma.com\\\/site\\\/\",\"name\":\"Pedro A. Palma\",\"description\":\"Economista\",\"potentialAction\":[{\"@type\":\"SearchAction\",\"target\":{\"@type\":\"EntryPoint\",\"urlTemplate\":\"https:\\\/\\\/pedroapalma.com\\\/site\\\/?s={search_term_string}\"},\"query-input\":{\"@type\":\"PropertyValueSpecification\",\"valueRequired\":true,\"valueName\":\"search_term_string\"}}],\"inLanguage\":\"es\"},{\"@type\":\"Person\",\"@id\":\"https:\\\/\\\/pedroapalma.com\\\/site\\\/#\\\/schema\\\/person\\\/4a9b45ec462a5c230e4a639a0c256866\",\"name\":\"Mariel Torres\",\"image\":{\"@type\":\"ImageObject\",\"inLanguage\":\"es\",\"@id\":\"https:\\\/\\\/secure.gravatar.com\\\/avatar\\\/e40c6e09d294639f65ccda3de6d4aa34ba9ad132fc2f2f2295ba9d668b065c25?s=96&d=mm&r=g\",\"url\":\"https:\\\/\\\/secure.gravatar.com\\\/avatar\\\/e40c6e09d294639f65ccda3de6d4aa34ba9ad132fc2f2f2295ba9d668b065c25?s=96&d=mm&r=g\",\"contentUrl\":\"https:\\\/\\\/secure.gravatar.com\\\/avatar\\\/e40c6e09d294639f65ccda3de6d4aa34ba9ad132fc2f2f2295ba9d668b065c25?s=96&d=mm&r=g\",\"caption\":\"Mariel Torres\"}}]}<\/script>\n<!-- \/ Yoast SEO plugin. -->","yoast_head_json":{"title":"Balance del 2005 - Pedro A. Palma","robots":{"index":"index","follow":"follow","max-snippet":"max-snippet:-1","max-image-preview":"max-image-preview:large","max-video-preview":"max-video-preview:-1"},"canonical":"https:\/\/pedroapalma.com\/site\/balance-del-2005\/","og_locale":"es_ES","og_type":"article","og_title":"Balance del 2005 - Pedro A. Palma","og_description":"Los resultados macroecon\u00f3micos de 2005 fueron favorables, pero esa bonanza no luc\u00eda sostenible en el mediano plazo","og_url":"https:\/\/pedroapalma.com\/site\/balance-del-2005\/","og_site_name":"Pedro A. Palma","article_published_time":"2005-12-24T19:18:14+00:00","article_modified_time":"2016-07-09T07:30:55+00:00","og_image":[{"width":1024,"height":683,"url":"https:\/\/pedroapalma.com\/site\/wp-content\/uploads\/2016\/05\/balance-1024x683.jpg","type":"image\/jpeg"}],"author":"Mariel Torres","twitter_card":"summary_large_image","twitter_misc":{"Escrito por":"Mariel Torres","Tiempo de lectura":"2 minutos"},"schema":{"@context":"https:\/\/schema.org","@graph":[{"@type":"Article","@id":"https:\/\/pedroapalma.com\/site\/balance-del-2005\/#article","isPartOf":{"@id":"https:\/\/pedroapalma.com\/site\/balance-del-2005\/"},"author":{"name":"Mariel Torres","@id":"https:\/\/pedroapalma.com\/site\/#\/schema\/person\/4a9b45ec462a5c230e4a639a0c256866"},"headline":"Balance del 2005","datePublished":"2005-12-24T19:18:14+00:00","dateModified":"2016-07-09T07:30:55+00:00","mainEntityOfPage":{"@id":"https:\/\/pedroapalma.com\/site\/balance-del-2005\/"},"wordCount":398,"commentCount":0,"image":{"@id":"https:\/\/pedroapalma.com\/site\/balance-del-2005\/#primaryimage"},"thumbnailUrl":"https:\/\/pedroapalma.com\/site\/wp-content\/uploads\/2016\/05\/balance.jpg","keywords":["Aspectos Cambiarios","Aspectos Fiscales y Monetarios","Balance 2005","Econom\u00eda venezolana","Inflaci\u00f3n","Petr\u00f3leo","Pol\u00edtica Econ\u00f3mica","Sector Externo"],"articleSection":["Art\u00edculos de opini\u00f3n","Aspectos cambiarios","Econom\u00eda venezolana","Fiscales y monetarios","Inflaci\u00f3n","Opini\u00f3n","Petr\u00f3leo","Pol\u00edtica econ\u00f3mica","Sector externo"],"inLanguage":"es","potentialAction":[{"@type":"CommentAction","name":"Comment","target":["https:\/\/pedroapalma.com\/site\/balance-del-2005\/#respond"]}]},{"@type":"WebPage","@id":"https:\/\/pedroapalma.com\/site\/balance-del-2005\/","url":"https:\/\/pedroapalma.com\/site\/balance-del-2005\/","name":"Balance del 2005 - Pedro A. Palma","isPartOf":{"@id":"https:\/\/pedroapalma.com\/site\/#website"},"primaryImageOfPage":{"@id":"https:\/\/pedroapalma.com\/site\/balance-del-2005\/#primaryimage"},"image":{"@id":"https:\/\/pedroapalma.com\/site\/balance-del-2005\/#primaryimage"},"thumbnailUrl":"https:\/\/pedroapalma.com\/site\/wp-content\/uploads\/2016\/05\/balance.jpg","datePublished":"2005-12-24T19:18:14+00:00","dateModified":"2016-07-09T07:30:55+00:00","author":{"@id":"https:\/\/pedroapalma.com\/site\/#\/schema\/person\/4a9b45ec462a5c230e4a639a0c256866"},"breadcrumb":{"@id":"https:\/\/pedroapalma.com\/site\/balance-del-2005\/#breadcrumb"},"inLanguage":"es","potentialAction":[{"@type":"ReadAction","target":["https:\/\/pedroapalma.com\/site\/balance-del-2005\/"]}]},{"@type":"ImageObject","inLanguage":"es","@id":"https:\/\/pedroapalma.com\/site\/balance-del-2005\/#primaryimage","url":"https:\/\/pedroapalma.com\/site\/wp-content\/uploads\/2016\/05\/balance.jpg","contentUrl":"https:\/\/pedroapalma.com\/site\/wp-content\/uploads\/2016\/05\/balance.jpg","width":4800,"height":3200},{"@type":"BreadcrumbList","@id":"https:\/\/pedroapalma.com\/site\/balance-del-2005\/#breadcrumb","itemListElement":[{"@type":"ListItem","position":1,"name":"Portada","item":"https:\/\/pedroapalma.com\/site\/"},{"@type":"ListItem","position":2,"name":"Balance del 2005"}]},{"@type":"WebSite","@id":"https:\/\/pedroapalma.com\/site\/#website","url":"https:\/\/pedroapalma.com\/site\/","name":"Pedro A. Palma","description":"Economista","potentialAction":[{"@type":"SearchAction","target":{"@type":"EntryPoint","urlTemplate":"https:\/\/pedroapalma.com\/site\/?s={search_term_string}"},"query-input":{"@type":"PropertyValueSpecification","valueRequired":true,"valueName":"search_term_string"}}],"inLanguage":"es"},{"@type":"Person","@id":"https:\/\/pedroapalma.com\/site\/#\/schema\/person\/4a9b45ec462a5c230e4a639a0c256866","name":"Mariel Torres","image":{"@type":"ImageObject","inLanguage":"es","@id":"https:\/\/secure.gravatar.com\/avatar\/e40c6e09d294639f65ccda3de6d4aa34ba9ad132fc2f2f2295ba9d668b065c25?s=96&d=mm&r=g","url":"https:\/\/secure.gravatar.com\/avatar\/e40c6e09d294639f65ccda3de6d4aa34ba9ad132fc2f2f2295ba9d668b065c25?s=96&d=mm&r=g","contentUrl":"https:\/\/secure.gravatar.com\/avatar\/e40c6e09d294639f65ccda3de6d4aa34ba9ad132fc2f2f2295ba9d668b065c25?s=96&d=mm&r=g","caption":"Mariel Torres"}}]}},"_links":{"self":[{"href":"https:\/\/pedroapalma.com\/site\/wp-json\/wp\/v2\/posts\/1194","targetHints":{"allow":["GET"]}}],"collection":[{"href":"https:\/\/pedroapalma.com\/site\/wp-json\/wp\/v2\/posts"}],"about":[{"href":"https:\/\/pedroapalma.com\/site\/wp-json\/wp\/v2\/types\/post"}],"author":[{"embeddable":true,"href":"https:\/\/pedroapalma.com\/site\/wp-json\/wp\/v2\/users\/3"}],"replies":[{"embeddable":true,"href":"https:\/\/pedroapalma.com\/site\/wp-json\/wp\/v2\/comments?post=1194"}],"version-history":[{"count":2,"href":"https:\/\/pedroapalma.com\/site\/wp-json\/wp\/v2\/posts\/1194\/revisions"}],"predecessor-version":[{"id":2442,"href":"https:\/\/pedroapalma.com\/site\/wp-json\/wp\/v2\/posts\/1194\/revisions\/2442"}],"wp:featuredmedia":[{"embeddable":true,"href":"https:\/\/pedroapalma.com\/site\/wp-json\/wp\/v2\/media\/1221"}],"wp:attachment":[{"href":"https:\/\/pedroapalma.com\/site\/wp-json\/wp\/v2\/media?parent=1194"}],"wp:term":[{"taxonomy":"category","embeddable":true,"href":"https:\/\/pedroapalma.com\/site\/wp-json\/wp\/v2\/categories?post=1194"},{"taxonomy":"post_tag","embeddable":true,"href":"https:\/\/pedroapalma.com\/site\/wp-json\/wp\/v2\/tags?post=1194"}],"curies":[{"name":"wp","href":"https:\/\/api.w.org\/{rel}","templated":true}]}}